{"id":162,"date":"2022-05-17T10:02:07","date_gmt":"2022-05-17T10:02:07","guid":{"rendered":"https:\/\/mymasesoriaygestion.com\/?p=162"},"modified":"2022-05-17T10:13:20","modified_gmt":"2022-05-17T10:13:20","slug":"el-gobierno-anuncia-la-estrategia-para-los-autonomos","status":"publish","type":"post","link":"https:\/\/mymasesoriaygestion.com\/index.php\/2022\/05\/17\/el-gobierno-anuncia-la-estrategia-para-los-autonomos\/","title":{"rendered":"El Gobierno anuncia la Estrategia para los aut\u00f3nomos"},"content":{"rendered":"\n<p>Ha sido anunciada la primera Estrategia del Trabajo Aut\u00f3nomo, por el Gobierno tras llevar a cabo reuniones con las principales asociaciones de aut\u00f3nomos. <\/p>\n\n\n\n<p>Esta estrategia recoge pol\u00edticas activas de empleo como ayudas para fomentar el empleo aut\u00f3nomo, dar\u00e1 comienzo en 2023 y se extender\u00e1 hasta 2027.<\/p>\n\n\n\n<div id=\"ez-toc-container\" class=\"ez-toc-v2_0_81 counter-hierarchy ez-toc-counter ez-toc-grey ez-toc-container-direction\">\n<div class=\"ez-toc-title-container\">\n<p class=\"ez-toc-title\" style=\"cursor:inherit\">Table of Contents<\/p>\n<span class=\"ez-toc-title-toggle\"><a href=\"#\" class=\"ez-toc-pull-right ez-toc-btn ez-toc-btn-xs ez-toc-btn-default ez-toc-toggle\" aria-label=\"Alternar tabla de contenidos\"><span class=\"ez-toc-js-icon-con\"><span class=\"\"><span class=\"eztoc-hide\" style=\"display:none;\">Toggle<\/span><span class=\"ez-toc-icon-toggle-span\"><svg style=\"fill: #999;color:#999\" xmlns=\"http:\/\/www.w3.org\/2000\/svg\" class=\"list-377408\" width=\"20px\" height=\"20px\" viewBox=\"0 0 24 24\" fill=\"none\"><path d=\"M6 6H4v2h2V6zm14 0H8v2h12V6zM4 11h2v2H4v-2zm16 0H8v2h12v-2zM4 16h2v2H4v-2zm16 0H8v2h12v-2z\" fill=\"currentColor\"><\/path><\/svg><svg style=\"fill: #999;color:#999\" class=\"arrow-unsorted-368013\" xmlns=\"http:\/\/www.w3.org\/2000\/svg\" width=\"10px\" height=\"10px\" viewBox=\"0 0 24 24\" version=\"1.2\" baseProfile=\"tiny\"><path d=\"M18.2 9.3l-6.2-6.3-6.2 6.3c-.2.2-.3.4-.3.7s.1.5.3.7c.2.2.4.3.7.3h11c.3 0 .5-.1.7-.3.2-.2.3-.5.3-.7s-.1-.5-.3-.7zM5.8 14.7l6.2 6.3 6.2-6.3c.2-.2.3-.5.3-.7s-.1-.5-.3-.7c-.2-.2-.4-.3-.7-.3h-11c-.3 0-.5.1-.7.3-.2.2-.3.5-.3.7s.1.5.3.7z\"\/><\/svg><\/span><\/span><\/span><\/a><\/span><\/div>\n<nav><ul class='ez-toc-list ez-toc-list-level-1 ' ><li class='ez-toc-page-1 ez-toc-heading-level-2'><a class=\"ez-toc-link ez-toc-heading-1\" href=\"https:\/\/mymasesoriaygestion.com\/index.php\/2022\/05\/17\/el-gobierno-anuncia-la-estrategia-para-los-autonomos\/#Principales_medidas_de_la_Estrategia_del_Trabajo_Autonomo\" >Principales medidas de la Estrategia del Trabajo Aut\u00f3nomo<\/a><\/li><li class='ez-toc-page-1 ez-toc-heading-level-2'><a class=\"ez-toc-link ez-toc-heading-2\" href=\"https:\/\/mymasesoriaygestion.com\/index.php\/2022\/05\/17\/el-gobierno-anuncia-la-estrategia-para-los-autonomos\/#El_nuevo_Estatuto_del_Trabajo\" >El nuevo Estatuto del Trabajo<\/a><\/li><\/ul><\/nav><\/div>\n<h2 class=\"wp-block-heading\"><span class=\"ez-toc-section\" id=\"Principales_medidas_de_la_Estrategia_del_Trabajo_Autonomo\"><\/span>Principales medidas de la Estrategia del Trabajo Aut\u00f3nomo  <span class=\"ez-toc-section-end\"><\/span><\/h2>\n\n\n\n<ul class=\"wp-block-list\"><li>Impulso del emprendimiento de j\u00f3venes y mujeres: el Gobierno indica que  hay colectivos que necesitan un impulso en  Espa\u00f1a, es el caso de los j\u00f3venes y las mujeres, de ah\u00ed que sea uno de los objetivos principales dentro de la Estrategia <\/li><\/ul>\n\n\n\n<ul class=\"wp-block-list\"><li>Asesor\u00eda especializada para el emprendimiento: se realizar\u00e1 un asesoramiento personalizado de los proyectos de emprendimiento, los cuales tendr\u00e1n un seguimiento a largo plazo. <\/li><\/ul>\n\n\n\n<ul class=\"wp-block-list\"><li>Ayudas econ\u00f3micas al emprendimiento: se habilitar\u00e1n l\u00edneas de financiaci\u00f3n espec\u00edficas que ir\u00e1n dirigidas y ligadas a la asesor\u00eda especializada. <\/li><\/ul>\n\n\n\n<ul class=\"wp-block-list\"><li>Lucha contra los falsos aut\u00f3nomo: el Gobierno quiere delimitar el trabajo aut\u00f3nomo real y sus fronteros, para as\u00ed distinguirlo del falso aut\u00f3nomo <\/li><\/ul>\n\n\n\n<ul class=\"wp-block-list\"><li>Digitalizaci\u00f3n de aut\u00f3nomos y pymes: adem\u00e1s de las ayudas digitales puestas en marcha a trav\u00e9s del programa \"Kit Digital\", esta estrategia va a ayudar a los aut\u00f3nomos y pymes a digitalizar sus negocios. <\/li><\/ul>\n\n\n\n<p><\/p>\n\n\n\n<h2 class=\"wp-block-heading\"><span class=\"ez-toc-section\" id=\"El_nuevo_Estatuto_del_Trabajo\"><\/span>El nuevo Estatuto del Trabajo<span class=\"ez-toc-section-end\"><\/span><\/h2>\n\n\n\n<p>El Gobierno ha anunciado la creaci\u00f3n del un nuevo Estatuto del Trabajo del Siglo XXI, con el que se pretende establecer un cambio en el abordaje del trabajo en Espa\u00f1a. <\/p>\n\n\n\n<p>M\u00e1s all\u00e1 de la informaci\u00f3n facilitada por el Gobierno hasta ahora, han adelantado que se convocar\u00e1 a los expertos en la material para que lleven a cabo esta labor, y as\u00ed lograr colocar a Espa\u00f1a en un tiempo nuevo de trabajo. <\/p>\n\n\n\n<p><\/p>\n\n\n\n<p> <\/p>\n\n\n\n<p>Iremos ampliando la informaci\u00f3n. <\/p>\n","protected":false},"excerpt":{"rendered":"<p>Ha sido anunciada la primera Estrategia del Trabajo Aut\u00f3nomo, por el Gobierno tras llevar a cabo reuniones con las principales asociaciones de aut\u00f3nomos. Esta estrategia recoge pol\u00edticas activas de empleo como ayudas para fomentar el empleo aut\u00f3nomo, dar\u00e1 comienzo en 2023 y se extender\u00e1 hasta 2027. Principales medidas de la Estrategia del Trabajo Aut\u00f3nomo Impulso [&hellip;]<\/p>\n","protected":false},"author":3,"featured_media":168,"comment_status":"open","ping_status":"open","sticky":false,"template":"","format":"standard","meta":{"footnotes":""},"categories":[17],"tags":[24,25],"class_list":["post-162","post","type-post","status-publish","format-standard","has-post-thumbnail","hentry","category-noticias","tag-autonomo","tag-emprendimiento"],"yoast_head":"<!-- This site is optimized with the Yoast SEO plugin v27.1.1 - https:\/\/yoast.com\/product\/yoast-seo-wordpress\/ -->\n<title>El Gobierno anuncia la Estrategia para los aut\u00f3nomos - M&amp;M Asesor&iacute;a y Gestion<\/title>\n<meta name=\"description\" content=\"El Gobierno anuncia nuevas medidas que ayudar\u00e1n a fomentar el empleo aut\u00f3nomo entre j\u00f3venes y mujeres en Espa\u00f1a\" \/>\n<meta name=\"robots\" content=\"index, follow, max-snippet:-1, max-image-preview:large, max-video-preview:-1\" \/>\n<link rel=\"canonical\" href=\"https:\/\/mymasesoriaygestion.com\/index.php\/2022\/05\/17\/el-gobierno-anuncia-la-estrategia-para-los-autonomos\/\" \/>\n<meta property=\"og:locale\" content=\"es_ES\" \/>\n<meta property=\"og:type\" content=\"article\" \/>\n<meta property=\"og:title\" content=\"El Gobierno anuncia la Estrategia para los aut\u00f3nomos - M&amp;M Asesor&iacute;a y Gestion\" \/>\n<meta property=\"og:description\" content=\"El Gobierno anuncia nuevas medidas que ayudar\u00e1n a fomentar el empleo aut\u00f3nomo entre j\u00f3venes y mujeres en Espa\u00f1a\" \/>\n<meta property=\"og:url\" content=\"https:\/\/mymasesoriaygestion.com\/index.php\/2022\/05\/17\/el-gobierno-anuncia-la-estrategia-para-los-autonomos\/\" \/>\n<meta property=\"og:site_name\" content=\"M&amp;M Asesor&iacute;a y Gestion\" \/>\n<meta property=\"article:published_time\" content=\"2022-05-17T10:02:07+00:00\" \/>\n<meta property=\"article:modified_time\" content=\"2022-05-17T10:13:20+00:00\" \/>\n<meta property=\"og:image\" content=\"https:\/\/mymasesoriaygestion.com\/wp-content\/uploads\/2022\/05\/pexels-thirdman-7651924-scaled.jpg\" \/>\n\t<meta property=\"og:image:width\" content=\"2560\" \/>\n\t<meta property=\"og:image:height\" content=\"1707\" \/>\n\t<meta property=\"og:image:type\" content=\"image\/jpeg\" \/>\n<meta name=\"author\" content=\"Macarena Hern\u00e1ndez\" \/>\n<meta name=\"twitter:card\" content=\"summary_large_image\" \/>\n<meta name=\"twitter:label1\" content=\"Escrito por\" \/>\n\t<meta name=\"twitter:data1\" content=\"Macarena Hern\u00e1ndez\" \/>\n\t<meta name=\"twitter:label2\" content=\"Tiempo de lectura\" \/>\n\t<meta name=\"twitter:data2\" content=\"2 minutos\" \/>\n<script type=\"application\/ld+json\" class=\"yoast-schema-graph\">{\"@context\":\"https:\/\/schema.org\",\"@graph\":[{\"@type\":\"Article\",\"@id\":\"https:\/\/mymasesoriaygestion.com\/index.php\/2022\/05\/17\/el-gobierno-anuncia-la-estrategia-para-los-autonomos\/#article\",\"isPartOf\":{\"@id\":\"https:\/\/mymasesoriaygestion.com\/index.php\/2022\/05\/17\/el-gobierno-anuncia-la-estrategia-para-los-autonomos\/\"},\"author\":{\"name\":\"Macarena Hern\u00e1ndez\",\"@id\":\"https:\/\/mymasesoriaygestion.com\/#\/schema\/person\/3e0ca6b0f70f5fe7a258cc1fdc023a82\"},\"headline\":\"El Gobierno anuncia la Estrategia para los aut\u00f3nomos\",\"datePublished\":\"2022-05-17T10:02:07+00:00\",\"dateModified\":\"2022-05-17T10:13:20+00:00\",\"mainEntityOfPage\":{\"@id\":\"https:\/\/mymasesoriaygestion.com\/index.php\/2022\/05\/17\/el-gobierno-anuncia-la-estrategia-para-los-autonomos\/\"},\"wordCount\":310,\"commentCount\":0,\"publisher\":{\"@id\":\"https:\/\/mymasesoriaygestion.com\/#organization\"},\"image\":{\"@id\":\"https:\/\/mymasesoriaygestion.com\/index.php\/2022\/05\/17\/el-gobierno-anuncia-la-estrategia-para-los-autonomos\/#primaryimage\"},\"thumbnailUrl\":\"https:\/\/mymasesoriaygestion.com\/wp-content\/uploads\/2022\/05\/pexels-thirdman-7651924-scaled.jpg\",\"keywords\":[\"Aut\u00f3nomo\",\"Emprendimiento\"],\"articleSection\":[\"Noticias\"],\"inLanguage\":\"es\",\"potentialAction\":[{\"@type\":\"CommentAction\",\"name\":\"Comment\",\"target\":[\"https:\/\/mymasesoriaygestion.com\/index.php\/2022\/05\/17\/el-gobierno-anuncia-la-estrategia-para-los-autonomos\/#respond\"]}]},{\"@type\":\"WebPage\",\"@id\":\"https:\/\/mymasesoriaygestion.com\/index.php\/2022\/05\/17\/el-gobierno-anuncia-la-estrategia-para-los-autonomos\/\",\"url\":\"https:\/\/mymasesoriaygestion.com\/index.php\/2022\/05\/17\/el-gobierno-anuncia-la-estrategia-para-los-autonomos\/\",\"name\":\"El Gobierno anuncia la Estrategia para los aut\u00f3nomos - M&amp;M Asesor&iacute;a y Gestion\",\"isPartOf\":{\"@id\":\"https:\/\/mymasesoriaygestion.com\/#website\"},\"primaryImageOfPage\":{\"@id\":\"https:\/\/mymasesoriaygestion.com\/index.php\/2022\/05\/17\/el-gobierno-anuncia-la-estrategia-para-los-autonomos\/#primaryimage\"},\"image\":{\"@id\":\"https:\/\/mymasesoriaygestion.com\/index.php\/2022\/05\/17\/el-gobierno-anuncia-la-estrategia-para-los-autonomos\/#primaryimage\"},\"thumbnailUrl\":\"https:\/\/mymasesoriaygestion.com\/wp-content\/uploads\/2022\/05\/pexels-thirdman-7651924-scaled.jpg\",\"datePublished\":\"2022-05-17T10:02:07+00:00\",\"dateModified\":\"2022-05-17T10:13:20+00:00\",\"description\":\"El Gobierno anuncia nuevas medidas que ayudar\u00e1n a fomentar el empleo aut\u00f3nomo entre j\u00f3venes y mujeres en Espa\u00f1a\",\"breadcrumb\":{\"@id\":\"https:\/\/mymasesoriaygestion.com\/index.php\/2022\/05\/17\/el-gobierno-anuncia-la-estrategia-para-los-autonomos\/#breadcrumb\"},\"inLanguage\":\"es\",\"potentialAction\":[{\"@type\":\"ReadAction\",\"target\":[\"https:\/\/mymasesoriaygestion.com\/index.php\/2022\/05\/17\/el-gobierno-anuncia-la-estrategia-para-los-autonomos\/\"]}]},{\"@type\":\"ImageObject\",\"inLanguage\":\"es\",\"@id\":\"https:\/\/mymasesoriaygestion.com\/index.php\/2022\/05\/17\/el-gobierno-anuncia-la-estrategia-para-los-autonomos\/#primaryimage\",\"url\":\"https:\/\/mymasesoriaygestion.com\/wp-content\/uploads\/2022\/05\/pexels-thirdman-7651924-scaled.jpg\",\"contentUrl\":\"https:\/\/mymasesoriaygestion.com\/wp-content\/uploads\/2022\/05\/pexels-thirdman-7651924-scaled.jpg\",\"width\":2560,\"height\":1707},{\"@type\":\"BreadcrumbList\",\"@id\":\"https:\/\/mymasesoriaygestion.com\/index.php\/2022\/05\/17\/el-gobierno-anuncia-la-estrategia-para-los-autonomos\/#breadcrumb\",\"itemListElement\":[{\"@type\":\"ListItem\",\"position\":1,\"name\":\"Portada\",\"item\":\"https:\/\/mymasesoriaygestion.com\/\"},{\"@type\":\"ListItem\",\"position\":2,\"name\":\"El Gobierno anuncia la Estrategia para los aut\u00f3nomos\"}]},{\"@type\":\"WebSite\",\"@id\":\"https:\/\/mymasesoriaygestion.com\/#website\",\"url\":\"https:\/\/mymasesoriaygestion.com\/\",\"name\":\"M&amp;M Asesor&iacute;a y Gestion\",\"description\":\"Asesorando al mundo desde Tenerife\",\"publisher\":{\"@id\":\"https:\/\/mymasesoriaygestion.com\/#organization\"},\"potentialAction\":[{\"@type\":\"SearchAction\",\"target\":{\"@type\":\"EntryPoint\",\"urlTemplate\":\"https:\/\/mymasesoriaygestion.com\/?s={search_term_string}\"},\"query-input\":{\"@type\":\"PropertyValueSpecification\",\"valueRequired\":true,\"valueName\":\"search_term_string\"}}],\"inLanguage\":\"es\"},{\"@type\":\"Organization\",\"@id\":\"https:\/\/mymasesoriaygestion.com\/#organization\",\"name\":\"M&amp;M Asesor&iacute;a y Gestion\",\"url\":\"https:\/\/mymasesoriaygestion.com\/\",\"logo\":{\"@type\":\"ImageObject\",\"inLanguage\":\"es\",\"@id\":\"https:\/\/mymasesoriaygestion.com\/#\/schema\/logo\/image\/\",\"url\":\"https:\/\/mymasesoriaygestion.com\/wp-content\/uploads\/2021\/06\/cropped-cropped-logo_MyM.png\",\"contentUrl\":\"https:\/\/mymasesoriaygestion.com\/wp-content\/uploads\/2021\/06\/cropped-cropped-logo_MyM.png\",\"width\":512,\"height\":404,\"caption\":\"M&amp;M Asesor&iacute;a y Gestion\"},\"image\":{\"@id\":\"https:\/\/mymasesoriaygestion.com\/#\/schema\/logo\/image\/\"}},{\"@type\":\"Person\",\"@id\":\"https:\/\/mymasesoriaygestion.com\/#\/schema\/person\/3e0ca6b0f70f5fe7a258cc1fdc023a82\",\"name\":\"Macarena Hern\u00e1ndez\",\"image\":{\"@type\":\"ImageObject\",\"inLanguage\":\"es\",\"@id\":\"https:\/\/mymasesoriaygestion.com\/#\/schema\/person\/image\/\",\"url\":\"https:\/\/secure.gravatar.com\/avatar\/828c134550e1af2bcb6b6a0b41954c684cacd523957bddc8a82a07ce73ab3eff?s=96&d=mm&r=g\",\"contentUrl\":\"https:\/\/secure.gravatar.com\/avatar\/828c134550e1af2bcb6b6a0b41954c684cacd523957bddc8a82a07ce73ab3eff?s=96&d=mm&r=g\",\"caption\":\"Macarena Hern\u00e1ndez\"},\"url\":\"https:\/\/mymasesoriaygestion.com\/index.php\/author\/mymasesoria\/\"}]}<\/script>\n<!-- \/ Yoast SEO plugin. -->","yoast_head_json":{"title":"El Gobierno anuncia la Estrategia para los aut\u00f3nomos - M&amp;M Asesor&iacute;a y Gestion","description":"El Gobierno anuncia nuevas medidas que ayudar\u00e1n a fomentar el empleo aut\u00f3nomo entre j\u00f3venes y mujeres en Espa\u00f1a","robots":{"index":"index","follow":"follow","max-snippet":"max-snippet:-1","max-image-preview":"max-image-preview:large","max-video-preview":"max-video-preview:-1"},"canonical":"https:\/\/mymasesoriaygestion.com\/index.php\/2022\/05\/17\/el-gobierno-anuncia-la-estrategia-para-los-autonomos\/","og_locale":"es_ES","og_type":"article","og_title":"El Gobierno anuncia la Estrategia para los aut\u00f3nomos - M&amp;M Asesor&iacute;a y Gestion","og_description":"El Gobierno anuncia nuevas medidas que ayudar\u00e1n a fomentar el empleo aut\u00f3nomo entre j\u00f3venes y mujeres en Espa\u00f1a","og_url":"https:\/\/mymasesoriaygestion.com\/index.php\/2022\/05\/17\/el-gobierno-anuncia-la-estrategia-para-los-autonomos\/","og_site_name":"M&amp;M Asesor&iacute;a y Gestion","article_published_time":"2022-05-17T10:02:07+00:00","article_modified_time":"2022-05-17T10:13:20+00:00","og_image":[{"width":2560,"height":1707,"url":"https:\/\/mymasesoriaygestion.com\/wp-content\/uploads\/2022\/05\/pexels-thirdman-7651924-scaled.jpg","type":"image\/jpeg"}],"author":"Macarena Hern\u00e1ndez","twitter_card":"summary_large_image","twitter_misc":{"Escrito por":"Macarena Hern\u00e1ndez","Tiempo de lectura":"2 minutos"},"schema":{"@context":"https:\/\/schema.org","@graph":[{"@type":"Article","@id":"https:\/\/mymasesoriaygestion.com\/index.php\/2022\/05\/17\/el-gobierno-anuncia-la-estrategia-para-los-autonomos\/#article","isPartOf":{"@id":"https:\/\/mymasesoriaygestion.com\/index.php\/2022\/05\/17\/el-gobierno-anuncia-la-estrategia-para-los-autonomos\/"},"author":{"name":"Macarena Hern\u00e1ndez","@id":"https:\/\/mymasesoriaygestion.com\/#\/schema\/person\/3e0ca6b0f70f5fe7a258cc1fdc023a82"},"headline":"El Gobierno anuncia la Estrategia para los aut\u00f3nomos","datePublished":"2022-05-17T10:02:07+00:00","dateModified":"2022-05-17T10:13:20+00:00","mainEntityOfPage":{"@id":"https:\/\/mymasesoriaygestion.com\/index.php\/2022\/05\/17\/el-gobierno-anuncia-la-estrategia-para-los-autonomos\/"},"wordCount":310,"commentCount":0,"publisher":{"@id":"https:\/\/mymasesoriaygestion.com\/#organization"},"image":{"@id":"https:\/\/mymasesoriaygestion.com\/index.php\/2022\/05\/17\/el-gobierno-anuncia-la-estrategia-para-los-autonomos\/#primaryimage"},"thumbnailUrl":"https:\/\/mymasesoriaygestion.com\/wp-content\/uploads\/2022\/05\/pexels-thirdman-7651924-scaled.jpg","keywords":["Aut\u00f3nomo","Emprendimiento"],"articleSection":["Noticias"],"inLanguage":"es","potentialAction":[{"@type":"CommentAction","name":"Comment","target":["https:\/\/mymasesoriaygestion.com\/index.php\/2022\/05\/17\/el-gobierno-anuncia-la-estrategia-para-los-autonomos\/#respond"]}]},{"@type":"WebPage","@id":"https:\/\/mymasesoriaygestion.com\/index.php\/2022\/05\/17\/el-gobierno-anuncia-la-estrategia-para-los-autonomos\/","url":"https:\/\/mymasesoriaygestion.com\/index.php\/2022\/05\/17\/el-gobierno-anuncia-la-estrategia-para-los-autonomos\/","name":"El Gobierno anuncia la Estrategia para los aut\u00f3nomos - M&amp;M Asesor&iacute;a y Gestion","isPartOf":{"@id":"https:\/\/mymasesoriaygestion.com\/#website"},"primaryImageOfPage":{"@id":"https:\/\/mymasesoriaygestion.com\/index.php\/2022\/05\/17\/el-gobierno-anuncia-la-estrategia-para-los-autonomos\/#primaryimage"},"image":{"@id":"https:\/\/mymasesoriaygestion.com\/index.php\/2022\/05\/17\/el-gobierno-anuncia-la-estrategia-para-los-autonomos\/#primaryimage"},"thumbnailUrl":"https:\/\/mymasesoriaygestion.com\/wp-content\/uploads\/2022\/05\/pexels-thirdman-7651924-scaled.jpg","datePublished":"2022-05-17T10:02:07+00:00","dateModified":"2022-05-17T10:13:20+00:00","description":"El Gobierno anuncia nuevas medidas que ayudar\u00e1n a fomentar el empleo aut\u00f3nomo entre j\u00f3venes y mujeres en Espa\u00f1a","breadcrumb":{"@id":"https:\/\/mymasesoriaygestion.com\/index.php\/2022\/05\/17\/el-gobierno-anuncia-la-estrategia-para-los-autonomos\/#breadcrumb"},"inLanguage":"es","potentialAction":[{"@type":"ReadAction","target":["https:\/\/mymasesoriaygestion.com\/index.php\/2022\/05\/17\/el-gobierno-anuncia-la-estrategia-para-los-autonomos\/"]}]},{"@type":"ImageObject","inLanguage":"es","@id":"https:\/\/mymasesoriaygestion.com\/index.php\/2022\/05\/17\/el-gobierno-anuncia-la-estrategia-para-los-autonomos\/#primaryimage","url":"https:\/\/mymasesoriaygestion.com\/wp-content\/uploads\/2022\/05\/pexels-thirdman-7651924-scaled.jpg","contentUrl":"https:\/\/mymasesoriaygestion.com\/wp-content\/uploads\/2022\/05\/pexels-thirdman-7651924-scaled.jpg","width":2560,"height":1707},{"@type":"BreadcrumbList","@id":"https:\/\/mymasesoriaygestion.com\/index.php\/2022\/05\/17\/el-gobierno-anuncia-la-estrategia-para-los-autonomos\/#breadcrumb","itemListElement":[{"@type":"ListItem","position":1,"name":"Portada","item":"https:\/\/mymasesoriaygestion.com\/"},{"@type":"ListItem","position":2,"name":"El Gobierno anuncia la Estrategia para los aut\u00f3nomos"}]},{"@type":"WebSite","@id":"https:\/\/mymasesoriaygestion.com\/#website","url":"https:\/\/mymasesoriaygestion.com\/","name":"M&amp;M Asesor&iacute;a y Gestion","description":"Asesorando al mundo desde Tenerife","publisher":{"@id":"https:\/\/mymasesoriaygestion.com\/#organization"},"potentialAction":[{"@type":"SearchAction","target":{"@type":"EntryPoint","urlTemplate":"https:\/\/mymasesoriaygestion.com\/?s={search_term_string}"},"query-input":{"@type":"PropertyValueSpecification","valueRequired":true,"valueName":"search_term_string"}}],"inLanguage":"es"},{"@type":"Organization","@id":"https:\/\/mymasesoriaygestion.com\/#organization","name":"M&amp;M Asesor&iacute;a y Gestion","url":"https:\/\/mymasesoriaygestion.com\/","logo":{"@type":"ImageObject","inLanguage":"es","@id":"https:\/\/mymasesoriaygestion.com\/#\/schema\/logo\/image\/","url":"https:\/\/mymasesoriaygestion.com\/wp-content\/uploads\/2021\/06\/cropped-cropped-logo_MyM.png","contentUrl":"https:\/\/mymasesoriaygestion.com\/wp-content\/uploads\/2021\/06\/cropped-cropped-logo_MyM.png","width":512,"height":404,"caption":"M&amp;M Asesor&iacute;a y Gestion"},"image":{"@id":"https:\/\/mymasesoriaygestion.com\/#\/schema\/logo\/image\/"}},{"@type":"Person","@id":"https:\/\/mymasesoriaygestion.com\/#\/schema\/person\/3e0ca6b0f70f5fe7a258cc1fdc023a82","name":"Macarena Hern\u00e1ndez","image":{"@type":"ImageObject","inLanguage":"es","@id":"https:\/\/mymasesoriaygestion.com\/#\/schema\/person\/image\/","url":"https:\/\/secure.gravatar.com\/avatar\/828c134550e1af2bcb6b6a0b41954c684cacd523957bddc8a82a07ce73ab3eff?s=96&d=mm&r=g","contentUrl":"https:\/\/secure.gravatar.com\/avatar\/828c134550e1af2bcb6b6a0b41954c684cacd523957bddc8a82a07ce73ab3eff?s=96&d=mm&r=g","caption":"Macarena Hern\u00e1ndez"},"url":"https:\/\/mymasesoriaygestion.com\/index.php\/author\/mymasesoria\/"}]}},"_links":{"self":[{"href":"https:\/\/mymasesoriaygestion.com\/index.php\/wp-json\/wp\/v2\/posts\/162","targetHints":{"allow":["GET"]}}],"collection":[{"href":"https:\/\/mymasesoriaygestion.com\/index.php\/wp-json\/wp\/v2\/posts"}],"about":[{"href":"https:\/\/mymasesoriaygestion.com\/index.php\/wp-json\/wp\/v2\/types\/post"}],"author":[{"embeddable":true,"href":"https:\/\/mymasesoriaygestion.com\/index.php\/wp-json\/wp\/v2\/users\/3"}],"replies":[{"embeddable":true,"href":"https:\/\/mymasesoriaygestion.com\/index.php\/wp-json\/wp\/v2\/comments?post=162"}],"version-history":[{"count":1,"href":"https:\/\/mymasesoriaygestion.com\/index.php\/wp-json\/wp\/v2\/posts\/162\/revisions"}],"predecessor-version":[{"id":163,"href":"https:\/\/mymasesoriaygestion.com\/index.php\/wp-json\/wp\/v2\/posts\/162\/revisions\/163"}],"wp:featuredmedia":[{"embeddable":true,"href":"https:\/\/mymasesoriaygestion.com\/index.php\/wp-json\/wp\/v2\/media\/168"}],"wp:attachment":[{"href":"https:\/\/mymasesoriaygestion.com\/index.php\/wp-json\/wp\/v2\/media?parent=162"}],"wp:term":[{"taxonomy":"category","embeddable":true,"href":"https:\/\/mymasesoriaygestion.com\/index.php\/wp-json\/wp\/v2\/categories?post=162"},{"taxonomy":"post_tag","embeddable":true,"href":"https:\/\/mymasesoriaygestion.com\/index.php\/wp-json\/wp\/v2\/tags?post=162"}],"curies":[{"name":"wp","href":"https:\/\/api.w.org\/{rel}","templated":true}]}}