{"id":196,"date":"2022-12-27T08:30:00","date_gmt":"2022-12-27T08:30:00","guid":{"rendered":"https:\/\/mymasesoriaygestion.com\/?p=196"},"modified":"2022-12-15T22:45:41","modified_gmt":"2022-12-15T22:45:41","slug":"calendario-fiscal-del-4o-trimestre-de-2022-e-informativos-anuales-para-2022","status":"publish","type":"post","link":"https:\/\/mymasesoriaygestion.com\/index.php\/2022\/12\/27\/calendario-fiscal-del-4o-trimestre-de-2022-e-informativos-anuales-para-2022\/","title":{"rendered":"Calendario Fiscal del 4\u00ba trimestre e informativos anuales 2022"},"content":{"rendered":"\n<p><\/p>\n\n\n\n<div id=\"ez-toc-container\" class=\"ez-toc-v2_0_81 counter-hierarchy ez-toc-counter ez-toc-grey ez-toc-container-direction\">\n<div class=\"ez-toc-title-container\">\n<p class=\"ez-toc-title\" style=\"cursor:inherit\">Table of Contents<\/p>\n<span class=\"ez-toc-title-toggle\"><a href=\"#\" class=\"ez-toc-pull-right ez-toc-btn ez-toc-btn-xs ez-toc-btn-default ez-toc-toggle\" aria-label=\"Alternar tabla de contenidos\"><span class=\"ez-toc-js-icon-con\"><span class=\"\"><span class=\"eztoc-hide\" style=\"display:none;\">Toggle<\/span><span class=\"ez-toc-icon-toggle-span\"><svg style=\"fill: #999;color:#999\" xmlns=\"http:\/\/www.w3.org\/2000\/svg\" class=\"list-377408\" width=\"20px\" height=\"20px\" viewBox=\"0 0 24 24\" fill=\"none\"><path d=\"M6 6H4v2h2V6zm14 0H8v2h12V6zM4 11h2v2H4v-2zm16 0H8v2h12v-2zM4 16h2v2H4v-2zm16 0H8v2h12v-2z\" fill=\"currentColor\"><\/path><\/svg><svg style=\"fill: #999;color:#999\" class=\"arrow-unsorted-368013\" xmlns=\"http:\/\/www.w3.org\/2000\/svg\" width=\"10px\" height=\"10px\" viewBox=\"0 0 24 24\" version=\"1.2\" baseProfile=\"tiny\"><path d=\"M18.2 9.3l-6.2-6.3-6.2 6.3c-.2.2-.3.4-.3.7s.1.5.3.7c.2.2.4.3.7.3h11c.3 0 .5-.1.7-.3.2-.2.3-.5.3-.7s-.1-.5-.3-.7zM5.8 14.7l6.2 6.3 6.2-6.3c.2-.2.3-.5.3-.7s-.1-.5-.3-.7c-.2-.2-.4-.3-.7-.3h-11c-.3 0-.5.1-.7.3-.2.2-.3.5-.3.7s.1.5.3.7z\"\/><\/svg><\/span><\/span><\/span><\/a><\/span><\/div>\n<nav><ul class='ez-toc-list ez-toc-list-level-1 ' ><li class='ez-toc-page-1 ez-toc-heading-level-3'><a class=\"ez-toc-link ez-toc-heading-1\" href=\"https:\/\/mymasesoriaygestion.com\/index.php\/2022\/12\/27\/calendario-fiscal-del-4o-trimestre-de-2022-e-informativos-anuales-para-2022\/#Las_fechas_clave_para_presentar_tus_declaraciones\" >Las fechas clave para presentar tus declaraciones<\/a><\/li><li class='ez-toc-page-1 ez-toc-heading-level-3'><a class=\"ez-toc-link ez-toc-heading-2\" href=\"https:\/\/mymasesoriaygestion.com\/index.php\/2022\/12\/27\/calendario-fiscal-del-4o-trimestre-de-2022-e-informativos-anuales-para-2022\/#%C2%BFQue_impuestos_tengo_que_presentar_en_el_4o_trimestre\" >\u00bfQu\u00e9 impuestos tengo que presentar en el 4\u00ba trimestre?<\/a><\/li><li class='ez-toc-page-1 ez-toc-heading-level-3'><a class=\"ez-toc-link ez-toc-heading-3\" href=\"https:\/\/mymasesoriaygestion.com\/index.php\/2022\/12\/27\/calendario-fiscal-del-4o-trimestre-de-2022-e-informativos-anuales-para-2022\/#%C2%BFQue_sucede_si_no_presento_mis_modelos_tributarios\" >\u00bfQu\u00e9 sucede si no presento mis modelos tributarios?<\/a><\/li><\/ul><\/nav><\/div>\n<h3 class=\"wp-block-heading\"><span class=\"ez-toc-section\" id=\"Las_fechas_clave_para_presentar_tus_declaraciones\"><\/span>Las fechas clave para presentar tus declaraciones<span class=\"ez-toc-section-end\"><\/span><\/h3>\n\n\n\n<p>Como sabr\u00e1s las declaraciones tributarias son de obligado cumplimiento para empresarios y empresas, en funci\u00f3n de su actividad profesional o empresarial. Por ello AEAT y ATC (en Canarias) fija un calendario fiscal con todas las fechas importantes. <\/p>\n\n\n\n<p><\/p>\n\n\n\n<p>Nosotros vamos a recordarte las fechas clave, para que puedas planificar la presentaci\u00f3n de tus obligaciones fiscales, ya que es el \u00faltimo trimestre del a\u00f1o. <\/p>\n\n\n\n<h3 class=\"wp-block-heading\"><span class=\"ez-toc-section\" id=\"%C2%BFQue_impuestos_tengo_que_presentar_en_el_4o_trimestre\"><\/span>\u00bfQu\u00e9 impuestos tengo que presentar en el 4\u00ba trimestre? <span class=\"ez-toc-section-end\"><\/span><\/h3>\n\n\n\n<p>De cara a empresarios y empresas, vamos a facilitar informaci\u00f3n con las fechas de presentaci\u00f3n. <\/p>\n\n\n\n<p>Detallamos para algunos modelos tributarios, seg\u00fan tengan la obligaci\u00f3n de presentaci\u00f3n para profesionales y empresarios: <\/p>\n\n\n\n<div class=\"wp-block-columns is-layout-flex wp-container-core-columns-is-layout-9d6595d7 wp-block-columns-is-layout-flex\">\n<div class=\"wp-block-column is-layout-flow wp-block-column-is-layout-flow\" style=\"flex-basis:100%\">\n<div class=\"wp-block-group\"><div class=\"wp-block-group__inner-container is-layout-flow wp-block-group-is-layout-flow\">\n<figure class=\"wp-block-table is-style-regular\"><table><tbody><tr><td>                                <strong>Modelo tributario <\/strong><\/td><td class=\"has-text-align-center\" data-align=\"center\"><strong>Periodo de presentaci\u00f3n<\/strong><\/td><\/tr><tr><td>Modelo 111                          <\/td><td class=\"has-text-align-center\" data-align=\"center\">Desde el 1 hasta el 20 de enero de 2023<\/td><\/tr><tr><td>Modelo 190<\/td><td class=\"has-text-align-center\" data-align=\"center\">Desde el 1 hasta el 31 de enero de 2023<\/td><\/tr><tr><td>Modelo 115<\/td><td class=\"has-text-align-center\" data-align=\"center\">Desde el 1 hasta el 20 de enero de 2023<\/td><\/tr><tr><td>Modelo 180<\/td><td class=\"has-text-align-center\" data-align=\"center\">Desde el 1 hasta el 31 de enero de 2023<\/td><\/tr><tr><td>Modelo 130\/ 131<\/td><td class=\"has-text-align-center\" data-align=\"center\">Desde el 1 hasta el 31 de enero de 2023<\/td><\/tr><tr><td>Modelo 303<\/td><td class=\"has-text-align-center\" data-align=\"center\">Desde el 1 hasta el 31 de enero de 2023<\/td><\/tr><tr><td>Modelo 349<\/td><td class=\"has-text-align-center\" data-align=\"center\">Desde el 1 hasta el 31 de enero de 2023<\/td><\/tr><tr><td>Modelo 347<\/td><td class=\"has-text-align-center\" data-align=\"center\">Desde el 1 hasta el 28 de febrero de 2023<\/td><\/tr><tr><td>Modelo 420 (Canarias)<\/td><td class=\"has-text-align-center\" data-align=\"center\">Desde el 1 hasta el 31 de enero de 2023<\/td><\/tr><tr><td>Modelo 425 (Canarias)<\/td><td class=\"has-text-align-center\" data-align=\"center\">Desde el 1 hasta el 31 de enero de 2023<\/td><\/tr><\/tbody><\/table><\/figure>\n\n\n\n<p><\/p>\n\n\n\n<h3 class=\"wp-block-heading\"><span class=\"ez-toc-section\" id=\"%C2%BFQue_sucede_si_no_presento_mis_modelos_tributarios\"><\/span>\u00bfQu\u00e9 sucede si no presento mis modelos tributarios? <span class=\"ez-toc-section-end\"><\/span><\/h3>\n\n\n\n<p>Debido a que la presentaci\u00f3n de los modelos tributarios es una obligaci\u00f3n inherente a la actividad profesional o empresarial, la no presentaci\u00f3n de los modelos tributarios correspondientes en el plazo establecido, conlleva la imposici\u00f3n de recargos y posibles sanciones por parte de la(s) Agencia(s) Tributaria(s). <\/p>\n\n\n\n<p><strong>Las Penalizaciones que la Agencia puede imponer por presentar los modelos tributarios fuera de plazo<\/strong><\/p>\n\n\n\n<ul class=\"wp-block-list\"><li>Durante los 3 meses siguiente: recargo del 5%<\/li><li>Si pasan entre 3 y 6 meses: recargo del 10%<\/li><li>Si pasan entre 6 y 12 meses: recargo del 15%<\/li><li>Si pasan m\u00e1s de 12 meses: recargo del 20%, y adem\u00e1s se aplica una sanci\u00f3n<\/li><\/ul>\n\n\n\n<p class=\"has-text-color\" style=\"color:#325886\">Toda esta informaci\u00f3n, que te hemos resumido, la encuentras disponible en las p\u00e1ginas de<strong> <a href=\"https:\/\/sede.agenciatributaria.gob.es\/Sede\/ayuda\/calendario-contribuyente\/calendario-contribuyente-2022-html.html\" target=\"_blank\" rel=\"noreferrer noopener\">AEAT<\/a><\/strong><a href=\"https:\/\/sede.agenciatributaria.gob.es\/Sede\/ayuda\/calendario-contribuyente\/calendario-contribuyente-2022-html.html\" target=\"_blank\" rel=\"noreferrer noopener\"> <\/a>y de <strong><a href=\"https:\/\/www3.gobiernodecanarias.org\/tributos\/atc\/jsf\/publico\/asistenciaContribuyente\/calendario\/mes.jsp\">ATC<\/a>.<\/strong> <\/p>\n\n\n\n<p class=\"has-text-color\" style=\"color:#325886\">Por ello, <strong>recuerda contactar con tu asesor<\/strong>, y si no tienes uno \u00bfQu\u00e9 esperas para <strong><a href=\"https:\/\/mymasesoriaygestion.com\/index.php\/contacto\/\" target=\"_blank\" rel=\"noreferrer noopener\">contactarnos<\/a> <\/strong>y preguntar por nuestros servicios? <\/p>\n\n\n\n<p>Tu asesor te ayuda con la elaboraci\u00f3n y presentaci\u00f3n en tiempo y forma de todas tus obligaciones tributarias, as\u00ed te evitar\u00e1s sustos futuros. <\/p>\n\n\n\n<hr class=\"wp-block-separator has-text-color has-alpha-channel-opacity has-background is-style-wide\" style=\"background-color:#325886;color:#325886\"\/>\n\n\n\n<p class=\"has-text-color\" style=\"color:#325886\">Recuerda <strong>suscribirte a nuestro blog<\/strong>, para que est\u00e9s informado de todo lo que vamos publicando y no te pierdas nada. <\/p>\n<\/div><\/div>\n<\/div>\n<\/div>\n","protected":false},"excerpt":{"rendered":"<p>Ten siempre a mano nuestro calendario fiscal, para que no se te pasen las fechas de presentaci\u00f3n<\/p>\n","protected":false},"author":3,"featured_media":198,"comment_status":"open","ping_status":"open","sticky":false,"template":"","format":"standard","meta":{"footnotes":""},"categories":[17],"tags":[26,28],"class_list":["post-196","post","type-post","status-publish","format-standard","has-post-thumbnail","hentry","category-noticias","tag-calendario-fiscal","tag-impuestos"],"yoast_head":"<!-- This site is optimized with the Yoast SEO plugin v27.1.1 - https:\/\/yoast.com\/product\/yoast-seo-wordpress\/ -->\n<title>Calendario Fiscal del 4\u00ba trimestre e informativos anuales 2022 - M&amp;M Asesor&iacute;a y Gestion<\/title>\n<meta name=\"description\" content=\"Te facilitamos las fechas claves de presentaci\u00f3n de impuestos, referentes al 4\u00ba trimestre de 2022, as\u00ed como las declaraciones informativas.\" \/>\n<meta name=\"robots\" content=\"index, follow, max-snippet:-1, max-image-preview:large, max-video-preview:-1\" \/>\n<link rel=\"canonical\" href=\"https:\/\/mymasesoriaygestion.com\/index.php\/2022\/12\/27\/calendario-fiscal-del-4o-trimestre-de-2022-e-informativos-anuales-para-2022\/\" \/>\n<meta property=\"og:locale\" content=\"es_ES\" \/>\n<meta property=\"og:type\" content=\"article\" \/>\n<meta property=\"og:title\" content=\"Calendario Fiscal del 4\u00ba trimestre e informativos anuales 2022 - M&amp;M Asesor&iacute;a y Gestion\" \/>\n<meta property=\"og:description\" content=\"Te facilitamos las fechas claves de presentaci\u00f3n de impuestos, referentes al 4\u00ba trimestre de 2022, as\u00ed como las declaraciones informativas.\" \/>\n<meta property=\"og:url\" content=\"https:\/\/mymasesoriaygestion.com\/index.php\/2022\/12\/27\/calendario-fiscal-del-4o-trimestre-de-2022-e-informativos-anuales-para-2022\/\" \/>\n<meta property=\"og:site_name\" content=\"M&amp;M Asesor&iacute;a y Gestion\" \/>\n<meta property=\"article:published_time\" content=\"2022-12-27T08:30:00+00:00\" \/>\n<meta property=\"og:image\" content=\"https:\/\/mymasesoriaygestion.com\/wp-content\/uploads\/2022\/12\/Euros-y-calculadora-scaled.jpg\" \/>\n\t<meta property=\"og:image:width\" content=\"2560\" \/>\n\t<meta property=\"og:image:height\" content=\"1707\" \/>\n\t<meta property=\"og:image:type\" content=\"image\/jpeg\" \/>\n<meta name=\"author\" content=\"Macarena Hern\u00e1ndez\" \/>\n<meta name=\"twitter:card\" content=\"summary_large_image\" \/>\n<meta name=\"twitter:label1\" content=\"Escrito por\" \/>\n\t<meta name=\"twitter:data1\" content=\"Macarena Hern\u00e1ndez\" \/>\n\t<meta name=\"twitter:label2\" content=\"Tiempo de lectura\" \/>\n\t<meta name=\"twitter:data2\" content=\"2 minutos\" \/>\n<script type=\"application\/ld+json\" class=\"yoast-schema-graph\">{\"@context\":\"https:\/\/schema.org\",\"@graph\":[{\"@type\":\"Article\",\"@id\":\"https:\/\/mymasesoriaygestion.com\/index.php\/2022\/12\/27\/calendario-fiscal-del-4o-trimestre-de-2022-e-informativos-anuales-para-2022\/#article\",\"isPartOf\":{\"@id\":\"https:\/\/mymasesoriaygestion.com\/index.php\/2022\/12\/27\/calendario-fiscal-del-4o-trimestre-de-2022-e-informativos-anuales-para-2022\/\"},\"author\":{\"name\":\"Macarena Hern\u00e1ndez\",\"@id\":\"https:\/\/mymasesoriaygestion.com\/#\/schema\/person\/3e0ca6b0f70f5fe7a258cc1fdc023a82\"},\"headline\":\"Calendario Fiscal del 4\u00ba trimestre e informativos anuales 2022\",\"datePublished\":\"2022-12-27T08:30:00+00:00\",\"mainEntityOfPage\":{\"@id\":\"https:\/\/mymasesoriaygestion.com\/index.php\/2022\/12\/27\/calendario-fiscal-del-4o-trimestre-de-2022-e-informativos-anuales-para-2022\/\"},\"wordCount\":410,\"commentCount\":0,\"publisher\":{\"@id\":\"https:\/\/mymasesoriaygestion.com\/#organization\"},\"image\":{\"@id\":\"https:\/\/mymasesoriaygestion.com\/index.php\/2022\/12\/27\/calendario-fiscal-del-4o-trimestre-de-2022-e-informativos-anuales-para-2022\/#primaryimage\"},\"thumbnailUrl\":\"https:\/\/mymasesoriaygestion.com\/wp-content\/uploads\/2022\/12\/Euros-y-calculadora-scaled.jpg\",\"keywords\":[\"Calendario fiscal\",\"Impuestos\"],\"articleSection\":[\"Noticias\"],\"inLanguage\":\"es\",\"potentialAction\":[{\"@type\":\"CommentAction\",\"name\":\"Comment\",\"target\":[\"https:\/\/mymasesoriaygestion.com\/index.php\/2022\/12\/27\/calendario-fiscal-del-4o-trimestre-de-2022-e-informativos-anuales-para-2022\/#respond\"]}]},{\"@type\":\"WebPage\",\"@id\":\"https:\/\/mymasesoriaygestion.com\/index.php\/2022\/12\/27\/calendario-fiscal-del-4o-trimestre-de-2022-e-informativos-anuales-para-2022\/\",\"url\":\"https:\/\/mymasesoriaygestion.com\/index.php\/2022\/12\/27\/calendario-fiscal-del-4o-trimestre-de-2022-e-informativos-anuales-para-2022\/\",\"name\":\"Calendario Fiscal del 4\u00ba trimestre e informativos anuales 2022 - M&amp;M Asesor&iacute;a y Gestion\",\"isPartOf\":{\"@id\":\"https:\/\/mymasesoriaygestion.com\/#website\"},\"primaryImageOfPage\":{\"@id\":\"https:\/\/mymasesoriaygestion.com\/index.php\/2022\/12\/27\/calendario-fiscal-del-4o-trimestre-de-2022-e-informativos-anuales-para-2022\/#primaryimage\"},\"image\":{\"@id\":\"https:\/\/mymasesoriaygestion.com\/index.php\/2022\/12\/27\/calendario-fiscal-del-4o-trimestre-de-2022-e-informativos-anuales-para-2022\/#primaryimage\"},\"thumbnailUrl\":\"https:\/\/mymasesoriaygestion.com\/wp-content\/uploads\/2022\/12\/Euros-y-calculadora-scaled.jpg\",\"datePublished\":\"2022-12-27T08:30:00+00:00\",\"description\":\"Te facilitamos las fechas claves de presentaci\u00f3n de impuestos, referentes al 4\u00ba trimestre de 2022, as\u00ed como las declaraciones informativas.\",\"breadcrumb\":{\"@id\":\"https:\/\/mymasesoriaygestion.com\/index.php\/2022\/12\/27\/calendario-fiscal-del-4o-trimestre-de-2022-e-informativos-anuales-para-2022\/#breadcrumb\"},\"inLanguage\":\"es\",\"potentialAction\":[{\"@type\":\"ReadAction\",\"target\":[\"https:\/\/mymasesoriaygestion.com\/index.php\/2022\/12\/27\/calendario-fiscal-del-4o-trimestre-de-2022-e-informativos-anuales-para-2022\/\"]}]},{\"@type\":\"ImageObject\",\"inLanguage\":\"es\",\"@id\":\"https:\/\/mymasesoriaygestion.com\/index.php\/2022\/12\/27\/calendario-fiscal-del-4o-trimestre-de-2022-e-informativos-anuales-para-2022\/#primaryimage\",\"url\":\"https:\/\/mymasesoriaygestion.com\/wp-content\/uploads\/2022\/12\/Euros-y-calculadora-scaled.jpg\",\"contentUrl\":\"https:\/\/mymasesoriaygestion.com\/wp-content\/uploads\/2022\/12\/Euros-y-calculadora-scaled.jpg\",\"width\":2560,\"height\":1707},{\"@type\":\"BreadcrumbList\",\"@id\":\"https:\/\/mymasesoriaygestion.com\/index.php\/2022\/12\/27\/calendario-fiscal-del-4o-trimestre-de-2022-e-informativos-anuales-para-2022\/#breadcrumb\",\"itemListElement\":[{\"@type\":\"ListItem\",\"position\":1,\"name\":\"Portada\",\"item\":\"https:\/\/mymasesoriaygestion.com\/\"},{\"@type\":\"ListItem\",\"position\":2,\"name\":\"Calendario Fiscal del 4\u00ba trimestre e informativos anuales 2022\"}]},{\"@type\":\"WebSite\",\"@id\":\"https:\/\/mymasesoriaygestion.com\/#website\",\"url\":\"https:\/\/mymasesoriaygestion.com\/\",\"name\":\"M&amp;M Asesor&iacute;a y Gestion\",\"description\":\"Asesorando al mundo desde Tenerife\",\"publisher\":{\"@id\":\"https:\/\/mymasesoriaygestion.com\/#organization\"},\"potentialAction\":[{\"@type\":\"SearchAction\",\"target\":{\"@type\":\"EntryPoint\",\"urlTemplate\":\"https:\/\/mymasesoriaygestion.com\/?s={search_term_string}\"},\"query-input\":{\"@type\":\"PropertyValueSpecification\",\"valueRequired\":true,\"valueName\":\"search_term_string\"}}],\"inLanguage\":\"es\"},{\"@type\":\"Organization\",\"@id\":\"https:\/\/mymasesoriaygestion.com\/#organization\",\"name\":\"M&amp;M Asesor&iacute;a y Gestion\",\"url\":\"https:\/\/mymasesoriaygestion.com\/\",\"logo\":{\"@type\":\"ImageObject\",\"inLanguage\":\"es\",\"@id\":\"https:\/\/mymasesoriaygestion.com\/#\/schema\/logo\/image\/\",\"url\":\"https:\/\/mymasesoriaygestion.com\/wp-content\/uploads\/2021\/06\/cropped-cropped-logo_MyM.png\",\"contentUrl\":\"https:\/\/mymasesoriaygestion.com\/wp-content\/uploads\/2021\/06\/cropped-cropped-logo_MyM.png\",\"width\":512,\"height\":404,\"caption\":\"M&amp;M Asesor&iacute;a y Gestion\"},\"image\":{\"@id\":\"https:\/\/mymasesoriaygestion.com\/#\/schema\/logo\/image\/\"}},{\"@type\":\"Person\",\"@id\":\"https:\/\/mymasesoriaygestion.com\/#\/schema\/person\/3e0ca6b0f70f5fe7a258cc1fdc023a82\",\"name\":\"Macarena Hern\u00e1ndez\",\"image\":{\"@type\":\"ImageObject\",\"inLanguage\":\"es\",\"@id\":\"https:\/\/mymasesoriaygestion.com\/#\/schema\/person\/image\/\",\"url\":\"https:\/\/secure.gravatar.com\/avatar\/828c134550e1af2bcb6b6a0b41954c684cacd523957bddc8a82a07ce73ab3eff?s=96&d=mm&r=g\",\"contentUrl\":\"https:\/\/secure.gravatar.com\/avatar\/828c134550e1af2bcb6b6a0b41954c684cacd523957bddc8a82a07ce73ab3eff?s=96&d=mm&r=g\",\"caption\":\"Macarena Hern\u00e1ndez\"},\"url\":\"https:\/\/mymasesoriaygestion.com\/index.php\/author\/mymasesoria\/\"}]}<\/script>\n<!-- \/ Yoast SEO plugin. -->","yoast_head_json":{"title":"Calendario Fiscal del 4\u00ba trimestre e informativos anuales 2022 - M&amp;M Asesor&iacute;a y Gestion","description":"Te facilitamos las fechas claves de presentaci\u00f3n de impuestos, referentes al 4\u00ba trimestre de 2022, as\u00ed como las declaraciones informativas.","robots":{"index":"index","follow":"follow","max-snippet":"max-snippet:-1","max-image-preview":"max-image-preview:large","max-video-preview":"max-video-preview:-1"},"canonical":"https:\/\/mymasesoriaygestion.com\/index.php\/2022\/12\/27\/calendario-fiscal-del-4o-trimestre-de-2022-e-informativos-anuales-para-2022\/","og_locale":"es_ES","og_type":"article","og_title":"Calendario Fiscal del 4\u00ba trimestre e informativos anuales 2022 - M&amp;M Asesor&iacute;a y Gestion","og_description":"Te facilitamos las fechas claves de presentaci\u00f3n de impuestos, referentes al 4\u00ba trimestre de 2022, as\u00ed como las declaraciones informativas.","og_url":"https:\/\/mymasesoriaygestion.com\/index.php\/2022\/12\/27\/calendario-fiscal-del-4o-trimestre-de-2022-e-informativos-anuales-para-2022\/","og_site_name":"M&amp;M Asesor&iacute;a y Gestion","article_published_time":"2022-12-27T08:30:00+00:00","og_image":[{"width":2560,"height":1707,"url":"https:\/\/mymasesoriaygestion.com\/wp-content\/uploads\/2022\/12\/Euros-y-calculadora-scaled.jpg","type":"image\/jpeg"}],"author":"Macarena Hern\u00e1ndez","twitter_card":"summary_large_image","twitter_misc":{"Escrito por":"Macarena Hern\u00e1ndez","Tiempo de lectura":"2 minutos"},"schema":{"@context":"https:\/\/schema.org","@graph":[{"@type":"Article","@id":"https:\/\/mymasesoriaygestion.com\/index.php\/2022\/12\/27\/calendario-fiscal-del-4o-trimestre-de-2022-e-informativos-anuales-para-2022\/#article","isPartOf":{"@id":"https:\/\/mymasesoriaygestion.com\/index.php\/2022\/12\/27\/calendario-fiscal-del-4o-trimestre-de-2022-e-informativos-anuales-para-2022\/"},"author":{"name":"Macarena Hern\u00e1ndez","@id":"https:\/\/mymasesoriaygestion.com\/#\/schema\/person\/3e0ca6b0f70f5fe7a258cc1fdc023a82"},"headline":"Calendario Fiscal del 4\u00ba trimestre e informativos anuales 2022","datePublished":"2022-12-27T08:30:00+00:00","mainEntityOfPage":{"@id":"https:\/\/mymasesoriaygestion.com\/index.php\/2022\/12\/27\/calendario-fiscal-del-4o-trimestre-de-2022-e-informativos-anuales-para-2022\/"},"wordCount":410,"commentCount":0,"publisher":{"@id":"https:\/\/mymasesoriaygestion.com\/#organization"},"image":{"@id":"https:\/\/mymasesoriaygestion.com\/index.php\/2022\/12\/27\/calendario-fiscal-del-4o-trimestre-de-2022-e-informativos-anuales-para-2022\/#primaryimage"},"thumbnailUrl":"https:\/\/mymasesoriaygestion.com\/wp-content\/uploads\/2022\/12\/Euros-y-calculadora-scaled.jpg","keywords":["Calendario fiscal","Impuestos"],"articleSection":["Noticias"],"inLanguage":"es","potentialAction":[{"@type":"CommentAction","name":"Comment","target":["https:\/\/mymasesoriaygestion.com\/index.php\/2022\/12\/27\/calendario-fiscal-del-4o-trimestre-de-2022-e-informativos-anuales-para-2022\/#respond"]}]},{"@type":"WebPage","@id":"https:\/\/mymasesoriaygestion.com\/index.php\/2022\/12\/27\/calendario-fiscal-del-4o-trimestre-de-2022-e-informativos-anuales-para-2022\/","url":"https:\/\/mymasesoriaygestion.com\/index.php\/2022\/12\/27\/calendario-fiscal-del-4o-trimestre-de-2022-e-informativos-anuales-para-2022\/","name":"Calendario Fiscal del 4\u00ba trimestre e informativos anuales 2022 - M&amp;M Asesor&iacute;a y Gestion","isPartOf":{"@id":"https:\/\/mymasesoriaygestion.com\/#website"},"primaryImageOfPage":{"@id":"https:\/\/mymasesoriaygestion.com\/index.php\/2022\/12\/27\/calendario-fiscal-del-4o-trimestre-de-2022-e-informativos-anuales-para-2022\/#primaryimage"},"image":{"@id":"https:\/\/mymasesoriaygestion.com\/index.php\/2022\/12\/27\/calendario-fiscal-del-4o-trimestre-de-2022-e-informativos-anuales-para-2022\/#primaryimage"},"thumbnailUrl":"https:\/\/mymasesoriaygestion.com\/wp-content\/uploads\/2022\/12\/Euros-y-calculadora-scaled.jpg","datePublished":"2022-12-27T08:30:00+00:00","description":"Te facilitamos las fechas claves de presentaci\u00f3n de impuestos, referentes al 4\u00ba trimestre de 2022, as\u00ed como las declaraciones informativas.","breadcrumb":{"@id":"https:\/\/mymasesoriaygestion.com\/index.php\/2022\/12\/27\/calendario-fiscal-del-4o-trimestre-de-2022-e-informativos-anuales-para-2022\/#breadcrumb"},"inLanguage":"es","potentialAction":[{"@type":"ReadAction","target":["https:\/\/mymasesoriaygestion.com\/index.php\/2022\/12\/27\/calendario-fiscal-del-4o-trimestre-de-2022-e-informativos-anuales-para-2022\/"]}]},{"@type":"ImageObject","inLanguage":"es","@id":"https:\/\/mymasesoriaygestion.com\/index.php\/2022\/12\/27\/calendario-fiscal-del-4o-trimestre-de-2022-e-informativos-anuales-para-2022\/#primaryimage","url":"https:\/\/mymasesoriaygestion.com\/wp-content\/uploads\/2022\/12\/Euros-y-calculadora-scaled.jpg","contentUrl":"https:\/\/mymasesoriaygestion.com\/wp-content\/uploads\/2022\/12\/Euros-y-calculadora-scaled.jpg","width":2560,"height":1707},{"@type":"BreadcrumbList","@id":"https:\/\/mymasesoriaygestion.com\/index.php\/2022\/12\/27\/calendario-fiscal-del-4o-trimestre-de-2022-e-informativos-anuales-para-2022\/#breadcrumb","itemListElement":[{"@type":"ListItem","position":1,"name":"Portada","item":"https:\/\/mymasesoriaygestion.com\/"},{"@type":"ListItem","position":2,"name":"Calendario Fiscal del 4\u00ba trimestre e informativos anuales 2022"}]},{"@type":"WebSite","@id":"https:\/\/mymasesoriaygestion.com\/#website","url":"https:\/\/mymasesoriaygestion.com\/","name":"M&amp;M Asesor&iacute;a y Gestion","description":"Asesorando al mundo desde Tenerife","publisher":{"@id":"https:\/\/mymasesoriaygestion.com\/#organization"},"potentialAction":[{"@type":"SearchAction","target":{"@type":"EntryPoint","urlTemplate":"https:\/\/mymasesoriaygestion.com\/?s={search_term_string}"},"query-input":{"@type":"PropertyValueSpecification","valueRequired":true,"valueName":"search_term_string"}}],"inLanguage":"es"},{"@type":"Organization","@id":"https:\/\/mymasesoriaygestion.com\/#organization","name":"M&amp;M Asesor&iacute;a y Gestion","url":"https:\/\/mymasesoriaygestion.com\/","logo":{"@type":"ImageObject","inLanguage":"es","@id":"https:\/\/mymasesoriaygestion.com\/#\/schema\/logo\/image\/","url":"https:\/\/mymasesoriaygestion.com\/wp-content\/uploads\/2021\/06\/cropped-cropped-logo_MyM.png","contentUrl":"https:\/\/mymasesoriaygestion.com\/wp-content\/uploads\/2021\/06\/cropped-cropped-logo_MyM.png","width":512,"height":404,"caption":"M&amp;M Asesor&iacute;a y Gestion"},"image":{"@id":"https:\/\/mymasesoriaygestion.com\/#\/schema\/logo\/image\/"}},{"@type":"Person","@id":"https:\/\/mymasesoriaygestion.com\/#\/schema\/person\/3e0ca6b0f70f5fe7a258cc1fdc023a82","name":"Macarena Hern\u00e1ndez","image":{"@type":"ImageObject","inLanguage":"es","@id":"https:\/\/mymasesoriaygestion.com\/#\/schema\/person\/image\/","url":"https:\/\/secure.gravatar.com\/avatar\/828c134550e1af2bcb6b6a0b41954c684cacd523957bddc8a82a07ce73ab3eff?s=96&d=mm&r=g","contentUrl":"https:\/\/secure.gravatar.com\/avatar\/828c134550e1af2bcb6b6a0b41954c684cacd523957bddc8a82a07ce73ab3eff?s=96&d=mm&r=g","caption":"Macarena Hern\u00e1ndez"},"url":"https:\/\/mymasesoriaygestion.com\/index.php\/author\/mymasesoria\/"}]}},"_links":{"self":[{"href":"https:\/\/mymasesoriaygestion.com\/index.php\/wp-json\/wp\/v2\/posts\/196","targetHints":{"allow":["GET"]}}],"collection":[{"href":"https:\/\/mymasesoriaygestion.com\/index.php\/wp-json\/wp\/v2\/posts"}],"about":[{"href":"https:\/\/mymasesoriaygestion.com\/index.php\/wp-json\/wp\/v2\/types\/post"}],"author":[{"embeddable":true,"href":"https:\/\/mymasesoriaygestion.com\/index.php\/wp-json\/wp\/v2\/users\/3"}],"replies":[{"embeddable":true,"href":"https:\/\/mymasesoriaygestion.com\/index.php\/wp-json\/wp\/v2\/comments?post=196"}],"version-history":[{"count":3,"href":"https:\/\/mymasesoriaygestion.com\/index.php\/wp-json\/wp\/v2\/posts\/196\/revisions"}],"predecessor-version":[{"id":200,"href":"https:\/\/mymasesoriaygestion.com\/index.php\/wp-json\/wp\/v2\/posts\/196\/revisions\/200"}],"wp:featuredmedia":[{"embeddable":true,"href":"https:\/\/mymasesoriaygestion.com\/index.php\/wp-json\/wp\/v2\/media\/198"}],"wp:attachment":[{"href":"https:\/\/mymasesoriaygestion.com\/index.php\/wp-json\/wp\/v2\/media?parent=196"}],"wp:term":[{"taxonomy":"category","embeddable":true,"href":"https:\/\/mymasesoriaygestion.com\/index.php\/wp-json\/wp\/v2\/categories?post=196"},{"taxonomy":"post_tag","embeddable":true,"href":"https:\/\/mymasesoriaygestion.com\/index.php\/wp-json\/wp\/v2\/tags?post=196"}],"curies":[{"name":"wp","href":"https:\/\/api.w.org\/{rel}","templated":true}]}}