{"id":211,"date":"2023-02-17T09:22:24","date_gmt":"2023-02-17T09:22:24","guid":{"rendered":"https:\/\/mymasesoriaygestion.com\/?p=211"},"modified":"2023-02-17T09:23:28","modified_gmt":"2023-02-17T09:23:28","slug":"publicado-el-salario-minimo-interprofesional-para-2023","status":"publish","type":"post","link":"https:\/\/mymasesoriaygestion.com\/index.php\/2023\/02\/17\/publicado-el-salario-minimo-interprofesional-para-2023\/","title":{"rendered":"Publicado el salario m\u00ednimo interprofesional para 2023"},"content":{"rendered":"\n<p>El\u00a0<a href=\"https:\/\/www.iberley.es\/temas\/salario-minimo-interprofesional-ano-2023-10951?term=Real%20Decreto%2099\/2023,%20de%2014%20de%20febrero&amp;noIndex\" target=\"_blank\" rel=\"noreferrer noopener\">Real Decreto 99\/2023, de 14 de febrero<\/a>\u00a0(BOE 15\/02\/2023) fija el salario m\u00ednimo interprofesional para 2023 en en 1.080 euros mensuales en 14 pagas o 1260 en 12. El incremento tendr\u00e1 car\u00e1cter retroactivo al 1 de enero de este a\u00f1o.<\/p>\n\n\n\n<p>El salario m\u00ednimo en 2023 para cualesquier actividad queda fijado en<strong>\u00a036\u20ac\/d\u00eda o 1.080 \u20ac\/mes<\/strong>, seg\u00fan el salario est\u00e9 fijado por d\u00edas o por meses.<\/p>\n\n\n\n<p>Para las personas trabajadoras eventuales, as\u00ed como las temporeras y temporeros cuyos servicios a una misma empresa no excedan de 120 d\u00edas percibir\u00e1n,\u00a0<strong>como m\u00ednimo, 51,15 \u20ac por jornada legal en la actividad.\u00a0<\/strong><\/p>\n\n\n\n<p>En la relaci\u00f3n laboral de car\u00e1cter especial del servicio del hogar familiar y para las personas trabajadoras eventuales y temporeras, el salario m\u00ednimo de dichas empleadas y empleados de hogar ser\u00e1 de<strong>\u00a08,45 \u20ac por hora efectivamente trabajada.<\/strong><\/p>\n\n\n\n<p>El Real Decreto99\/2023, de 14 de febrero, surtir\u00e1 efectos durante el&nbsp;<strong>per\u00edodo entre el 1 deenero y el 31 de diciembre de 2023<\/strong>, procediendo, en consecuencia comprendido, el abono del salario m\u00ednimo en elmismo establecido con efectos del 1 de enero de 2023.<\/p>\n\n\n\n<p>Con efectos retroactivos, el 01\/01\/2023.<\/p>\n\n\n\n<p><strong>D\u00eda:<\/strong>\u00a036 \u20ac.<\/p>\n\n\n\n<p><strong>14 pagas:<\/strong>\u00a01.080 \u20ac.<\/p>\n\n\n\n<p><strong>12 pagas:\u00a0<\/strong>1.260 \u20ac.<\/p>\n\n\n\n<p><strong>Anual:<\/strong>\u00a015.120 \u20ac.<\/p>\n\n\n\n<p><\/p>\n\n\n\n<p class=\"has-text-color\" style=\"color:#325886\">\u00a0 \u00a0 \u00a0-\u00a0<strong>Empleados de hogar:<\/strong>\u00a08,45 \u20ac (por hora efectivamente trabajada).\u00a0La escala de i<a href=\"https:\/\/www.iberley.es\/temas\/cotizacion-regimen-especial-empleados-hogar-ano-2023-591\" target=\"_blank\" rel=\"noreferrer noopener\">ntervalos de retribuciones, as\u00ed como las bases de cotizaci\u00f3n<\/a>, se actualizar\u00e1n en la misma proporci\u00f3n que lo hace el salario m\u00ednimo interprofesional para el a\u00f1o 2023.<\/p>\n\n\n\n<p>\u00a0 \u00a0 \u00a0<strong>- Alza en la base m\u00ednima de cotizaci\u00f3n a la Seguridad Social:\u00a0<\/strong>con efectos retroactivos a 1 de enero de 2023, el tope m\u00ednimo de cotizaci\u00f3n ser\u00e1 equivalente al salario m\u00ednimo interprofesional vigente en cada momento, incrementado por el prorrateo de las percepciones de vencimiento superior al mensual que perciba el trabajador. Esto implica que la base m\u00ednima de cotizaci\u00f3n no puedan ser inferior a 1.260 \u20ac mensuales.<\/p>\n\n\n\n<p class=\"has-text-color\" style=\"color:#325886\">\u00a0 \u00a0 \u00a0-<strong><a href=\"https:\/\/www.iberley.es\/temas\/cuantia-salario-minimo-interprofesional-smi-2023-10961\" target=\"_blank\" rel=\"noreferrer noopener\">\u00a0Topes en las coberturas del FOGASA<\/a>.<\/strong>\u00a0El pago de salarios por parte del Fondo, as\u00ed como de indemnizaciones, se calcula\u00a0 tomando como referencia el SMI. El l\u00edmite para el pago de salarios ser\u00e1n 120 d\u00edas (9.942 \u20ac en 2023) y para el caso de las indemnizaciones la anualidad (30.240,25 \u20ac) [para las indemnizaciones por modificaci\u00f3n sustancial de las condiciones laborales, 22.369,50 \u20ac y para el servicio del hogar familiar, 14.913 \u20ac].<\/p>\n\n\n\n<p class=\"has-text-color\" style=\"color:#325886\">&nbsp; &nbsp; &nbsp;-&nbsp;<a href=\"https:\/\/www.iberley.es\/temas\/embargo-salario-trabajador-10331\" target=\"_blank\" rel=\"noreferrer noopener\"><strong>L\u00edmites a las cantidades embargables<\/strong><\/a>. Los salarios, sueldos, jornales, retribuciones o pensiones que no superen el SMI 2023 se consideran inembargables, aplic\u00e1ndose a las cantidades que superen el SMI la escala establecida en el art. 607.2 de la&nbsp;<a href=\"https:\/\/www.iberley.es\/legislacion\/ley-1-2000-7-enero-enjuiciamiento-civil-436271\" target=\"_blank\" rel=\"noreferrer noopener\">LEC<\/a>.<\/p>\n\n\n\n<p>La D.T \u00danica de la norma establece que l<strong>as nuevas cuant\u00edas del SMI no son de aplicaci\u00f3n en los siguientes casos:<\/strong><\/p>\n\n\n\n<p>- A las normas vigentes a la fecha de entrada en vigor de este real decreto de las comunidades aut\u00f3nomas, de las ciudades de Ceuta y Melilla y de las entidades que integran la administraci\u00f3n local que utilicen el salario m\u00ednimo interprofesional como indicador o referencia del nivel de renta para determinar la cuant\u00eda de determinadas prestaciones o para acceder a determinadas prestaciones, beneficios o servicios p\u00fablicos, salvo disposici\u00f3n expresa en contrario de las propias comunidades aut\u00f3nomas, de las ciudades de Ceuta y Melilla o de las entidades que integran la administraci\u00f3n local.<\/p>\n\n\n\n<p>- A cualesquiera contratos y pactos de naturaleza privada vigentes a la fecha de entrada en vigor de este real decreto que utilicen el salario m\u00ednimo interprofesional como referencia a cualquier efecto, salvo que las partes acuerden la aplicaci\u00f3n de las nuevas cuant\u00edas del salario m\u00ednimo interprofesional.<\/p>\n\n\n\n<hr class=\"wp-block-separator aligncenter has-alpha-channel-opacity\"\/>\n\n\n\n<p>Desde M&amp;M asesor\u00eda y gesti\u00f3n, trabajamos para que puedas dedicarte a tu negocio. <\/p>\n\n\n\n<p>Si quieres recibir informaci\u00f3n sobre nuestros servicios haz click <a href=\"https:\/\/mymasesoriaygestion.com\/index.php\/contacto\/\" target=\"_blank\" rel=\"noreferrer noopener\">AQU\u00cd <\/a>y te informaremos.<\/p>\n\n\n\n<p>Suscribete a nuestra Newsletter y no te pierdas nuestro contenido. <\/p>\n\n\n\n<p><\/p>\n","protected":false},"excerpt":{"rendered":"<p>El Real Decreto 99\/2023, de 14 de febrero (BOE 15\/02\/2023) fija el SMI para 2023<\/p>\n","protected":false},"author":3,"featured_media":212,"comment_status":"open","ping_status":"open","sticky":false,"template":"","format":"standard","meta":{"footnotes":""},"categories":[17],"tags":[15,33],"class_list":["post-211","post","type-post","status-publish","format-standard","has-post-thumbnail","hentry","category-noticias","tag-empresario","tag-smi-2023"],"yoast_head":"<!-- This site is optimized with the Yoast SEO plugin v27.1.1 - https:\/\/yoast.com\/product\/yoast-seo-wordpress\/ -->\n<title>Publicado el salario m\u00ednimo interprofesional para 2023 - M&amp;M Asesor&iacute;a y Gestion<\/title>\n<meta name=\"description\" content=\"Somos la asesor\u00eda de los aut\u00f3nomos\" \/>\n<meta name=\"robots\" content=\"index, follow, max-snippet:-1, max-image-preview:large, max-video-preview:-1\" \/>\n<link rel=\"canonical\" href=\"https:\/\/mymasesoriaygestion.com\/index.php\/2023\/02\/17\/publicado-el-salario-minimo-interprofesional-para-2023\/\" \/>\n<meta property=\"og:locale\" content=\"es_ES\" \/>\n<meta property=\"og:type\" content=\"article\" \/>\n<meta property=\"og:title\" content=\"Publicado el salario m\u00ednimo interprofesional para 2023 - M&amp;M Asesor&iacute;a y Gestion\" \/>\n<meta property=\"og:description\" content=\"Somos la asesor\u00eda de los aut\u00f3nomos\" \/>\n<meta property=\"og:url\" content=\"https:\/\/mymasesoriaygestion.com\/index.php\/2023\/02\/17\/publicado-el-salario-minimo-interprofesional-para-2023\/\" \/>\n<meta property=\"og:site_name\" content=\"M&amp;M Asesor&iacute;a y Gestion\" \/>\n<meta property=\"article:published_time\" content=\"2023-02-17T09:22:24+00:00\" \/>\n<meta property=\"article:modified_time\" content=\"2023-02-17T09:23:28+00:00\" \/>\n<meta property=\"og:image\" content=\"https:\/\/mymasesoriaygestion.com\/wp-content\/uploads\/2023\/02\/Monedas-caendo.jpg\" \/>\n\t<meta property=\"og:image:width\" content=\"2201\" \/>\n\t<meta property=\"og:image:height\" content=\"2201\" \/>\n\t<meta property=\"og:image:type\" content=\"image\/jpeg\" \/>\n<meta name=\"author\" content=\"Macarena Hern\u00e1ndez\" \/>\n<meta name=\"twitter:card\" content=\"summary_large_image\" \/>\n<meta name=\"twitter:label1\" content=\"Escrito por\" \/>\n\t<meta name=\"twitter:data1\" content=\"Macarena Hern\u00e1ndez\" \/>\n\t<meta name=\"twitter:label2\" content=\"Tiempo de lectura\" \/>\n\t<meta name=\"twitter:data2\" content=\"3 minutos\" \/>\n<script type=\"application\/ld+json\" class=\"yoast-schema-graph\">{\"@context\":\"https:\/\/schema.org\",\"@graph\":[{\"@type\":\"Article\",\"@id\":\"https:\/\/mymasesoriaygestion.com\/index.php\/2023\/02\/17\/publicado-el-salario-minimo-interprofesional-para-2023\/#article\",\"isPartOf\":{\"@id\":\"https:\/\/mymasesoriaygestion.com\/index.php\/2023\/02\/17\/publicado-el-salario-minimo-interprofesional-para-2023\/\"},\"author\":{\"name\":\"Macarena Hern\u00e1ndez\",\"@id\":\"https:\/\/mymasesoriaygestion.com\/#\/schema\/person\/3e0ca6b0f70f5fe7a258cc1fdc023a82\"},\"headline\":\"Publicado el salario m\u00ednimo interprofesional para 2023\",\"datePublished\":\"2023-02-17T09:22:24+00:00\",\"dateModified\":\"2023-02-17T09:23:28+00:00\",\"mainEntityOfPage\":{\"@id\":\"https:\/\/mymasesoriaygestion.com\/index.php\/2023\/02\/17\/publicado-el-salario-minimo-interprofesional-para-2023\/\"},\"wordCount\":630,\"commentCount\":0,\"publisher\":{\"@id\":\"https:\/\/mymasesoriaygestion.com\/#organization\"},\"image\":{\"@id\":\"https:\/\/mymasesoriaygestion.com\/index.php\/2023\/02\/17\/publicado-el-salario-minimo-interprofesional-para-2023\/#primaryimage\"},\"thumbnailUrl\":\"https:\/\/mymasesoriaygestion.com\/wp-content\/uploads\/2023\/02\/Monedas-caendo.jpg\",\"keywords\":[\"empresario\",\"SMI 2023\"],\"articleSection\":[\"Noticias\"],\"inLanguage\":\"es\",\"potentialAction\":[{\"@type\":\"CommentAction\",\"name\":\"Comment\",\"target\":[\"https:\/\/mymasesoriaygestion.com\/index.php\/2023\/02\/17\/publicado-el-salario-minimo-interprofesional-para-2023\/#respond\"]}]},{\"@type\":\"WebPage\",\"@id\":\"https:\/\/mymasesoriaygestion.com\/index.php\/2023\/02\/17\/publicado-el-salario-minimo-interprofesional-para-2023\/\",\"url\":\"https:\/\/mymasesoriaygestion.com\/index.php\/2023\/02\/17\/publicado-el-salario-minimo-interprofesional-para-2023\/\",\"name\":\"Publicado el salario m\u00ednimo interprofesional para 2023 - M&amp;M Asesor&iacute;a y Gestion\",\"isPartOf\":{\"@id\":\"https:\/\/mymasesoriaygestion.com\/#website\"},\"primaryImageOfPage\":{\"@id\":\"https:\/\/mymasesoriaygestion.com\/index.php\/2023\/02\/17\/publicado-el-salario-minimo-interprofesional-para-2023\/#primaryimage\"},\"image\":{\"@id\":\"https:\/\/mymasesoriaygestion.com\/index.php\/2023\/02\/17\/publicado-el-salario-minimo-interprofesional-para-2023\/#primaryimage\"},\"thumbnailUrl\":\"https:\/\/mymasesoriaygestion.com\/wp-content\/uploads\/2023\/02\/Monedas-caendo.jpg\",\"datePublished\":\"2023-02-17T09:22:24+00:00\",\"dateModified\":\"2023-02-17T09:23:28+00:00\",\"description\":\"Somos la asesor\u00eda de los aut\u00f3nomos\",\"breadcrumb\":{\"@id\":\"https:\/\/mymasesoriaygestion.com\/index.php\/2023\/02\/17\/publicado-el-salario-minimo-interprofesional-para-2023\/#breadcrumb\"},\"inLanguage\":\"es\",\"potentialAction\":[{\"@type\":\"ReadAction\",\"target\":[\"https:\/\/mymasesoriaygestion.com\/index.php\/2023\/02\/17\/publicado-el-salario-minimo-interprofesional-para-2023\/\"]}]},{\"@type\":\"ImageObject\",\"inLanguage\":\"es\",\"@id\":\"https:\/\/mymasesoriaygestion.com\/index.php\/2023\/02\/17\/publicado-el-salario-minimo-interprofesional-para-2023\/#primaryimage\",\"url\":\"https:\/\/mymasesoriaygestion.com\/wp-content\/uploads\/2023\/02\/Monedas-caendo.jpg\",\"contentUrl\":\"https:\/\/mymasesoriaygestion.com\/wp-content\/uploads\/2023\/02\/Monedas-caendo.jpg\",\"width\":2201,\"height\":2201},{\"@type\":\"BreadcrumbList\",\"@id\":\"https:\/\/mymasesoriaygestion.com\/index.php\/2023\/02\/17\/publicado-el-salario-minimo-interprofesional-para-2023\/#breadcrumb\",\"itemListElement\":[{\"@type\":\"ListItem\",\"position\":1,\"name\":\"Portada\",\"item\":\"https:\/\/mymasesoriaygestion.com\/\"},{\"@type\":\"ListItem\",\"position\":2,\"name\":\"Publicado el salario m\u00ednimo interprofesional para 2023\"}]},{\"@type\":\"WebSite\",\"@id\":\"https:\/\/mymasesoriaygestion.com\/#website\",\"url\":\"https:\/\/mymasesoriaygestion.com\/\",\"name\":\"M&amp;M Asesor&iacute;a y Gestion\",\"description\":\"Asesorando al mundo desde Tenerife\",\"publisher\":{\"@id\":\"https:\/\/mymasesoriaygestion.com\/#organization\"},\"potentialAction\":[{\"@type\":\"SearchAction\",\"target\":{\"@type\":\"EntryPoint\",\"urlTemplate\":\"https:\/\/mymasesoriaygestion.com\/?s={search_term_string}\"},\"query-input\":{\"@type\":\"PropertyValueSpecification\",\"valueRequired\":true,\"valueName\":\"search_term_string\"}}],\"inLanguage\":\"es\"},{\"@type\":\"Organization\",\"@id\":\"https:\/\/mymasesoriaygestion.com\/#organization\",\"name\":\"M&amp;M Asesor&iacute;a y Gestion\",\"url\":\"https:\/\/mymasesoriaygestion.com\/\",\"logo\":{\"@type\":\"ImageObject\",\"inLanguage\":\"es\",\"@id\":\"https:\/\/mymasesoriaygestion.com\/#\/schema\/logo\/image\/\",\"url\":\"https:\/\/mymasesoriaygestion.com\/wp-content\/uploads\/2021\/06\/cropped-cropped-logo_MyM.png\",\"contentUrl\":\"https:\/\/mymasesoriaygestion.com\/wp-content\/uploads\/2021\/06\/cropped-cropped-logo_MyM.png\",\"width\":512,\"height\":404,\"caption\":\"M&amp;M Asesor&iacute;a y Gestion\"},\"image\":{\"@id\":\"https:\/\/mymasesoriaygestion.com\/#\/schema\/logo\/image\/\"}},{\"@type\":\"Person\",\"@id\":\"https:\/\/mymasesoriaygestion.com\/#\/schema\/person\/3e0ca6b0f70f5fe7a258cc1fdc023a82\",\"name\":\"Macarena Hern\u00e1ndez\",\"image\":{\"@type\":\"ImageObject\",\"inLanguage\":\"es\",\"@id\":\"https:\/\/mymasesoriaygestion.com\/#\/schema\/person\/image\/\",\"url\":\"https:\/\/secure.gravatar.com\/avatar\/828c134550e1af2bcb6b6a0b41954c684cacd523957bddc8a82a07ce73ab3eff?s=96&d=mm&r=g\",\"contentUrl\":\"https:\/\/secure.gravatar.com\/avatar\/828c134550e1af2bcb6b6a0b41954c684cacd523957bddc8a82a07ce73ab3eff?s=96&d=mm&r=g\",\"caption\":\"Macarena Hern\u00e1ndez\"},\"url\":\"https:\/\/mymasesoriaygestion.com\/index.php\/author\/mymasesoria\/\"}]}<\/script>\n<!-- \/ Yoast SEO plugin. -->","yoast_head_json":{"title":"Publicado el salario m\u00ednimo interprofesional para 2023 - M&amp;M Asesor&iacute;a y Gestion","description":"Somos la asesor\u00eda de los aut\u00f3nomos","robots":{"index":"index","follow":"follow","max-snippet":"max-snippet:-1","max-image-preview":"max-image-preview:large","max-video-preview":"max-video-preview:-1"},"canonical":"https:\/\/mymasesoriaygestion.com\/index.php\/2023\/02\/17\/publicado-el-salario-minimo-interprofesional-para-2023\/","og_locale":"es_ES","og_type":"article","og_title":"Publicado el salario m\u00ednimo interprofesional para 2023 - M&amp;M Asesor&iacute;a y Gestion","og_description":"Somos la asesor\u00eda de los aut\u00f3nomos","og_url":"https:\/\/mymasesoriaygestion.com\/index.php\/2023\/02\/17\/publicado-el-salario-minimo-interprofesional-para-2023\/","og_site_name":"M&amp;M Asesor&iacute;a y Gestion","article_published_time":"2023-02-17T09:22:24+00:00","article_modified_time":"2023-02-17T09:23:28+00:00","og_image":[{"width":2201,"height":2201,"url":"https:\/\/mymasesoriaygestion.com\/wp-content\/uploads\/2023\/02\/Monedas-caendo.jpg","type":"image\/jpeg"}],"author":"Macarena Hern\u00e1ndez","twitter_card":"summary_large_image","twitter_misc":{"Escrito por":"Macarena Hern\u00e1ndez","Tiempo de lectura":"3 minutos"},"schema":{"@context":"https:\/\/schema.org","@graph":[{"@type":"Article","@id":"https:\/\/mymasesoriaygestion.com\/index.php\/2023\/02\/17\/publicado-el-salario-minimo-interprofesional-para-2023\/#article","isPartOf":{"@id":"https:\/\/mymasesoriaygestion.com\/index.php\/2023\/02\/17\/publicado-el-salario-minimo-interprofesional-para-2023\/"},"author":{"name":"Macarena Hern\u00e1ndez","@id":"https:\/\/mymasesoriaygestion.com\/#\/schema\/person\/3e0ca6b0f70f5fe7a258cc1fdc023a82"},"headline":"Publicado el salario m\u00ednimo interprofesional para 2023","datePublished":"2023-02-17T09:22:24+00:00","dateModified":"2023-02-17T09:23:28+00:00","mainEntityOfPage":{"@id":"https:\/\/mymasesoriaygestion.com\/index.php\/2023\/02\/17\/publicado-el-salario-minimo-interprofesional-para-2023\/"},"wordCount":630,"commentCount":0,"publisher":{"@id":"https:\/\/mymasesoriaygestion.com\/#organization"},"image":{"@id":"https:\/\/mymasesoriaygestion.com\/index.php\/2023\/02\/17\/publicado-el-salario-minimo-interprofesional-para-2023\/#primaryimage"},"thumbnailUrl":"https:\/\/mymasesoriaygestion.com\/wp-content\/uploads\/2023\/02\/Monedas-caendo.jpg","keywords":["empresario","SMI 2023"],"articleSection":["Noticias"],"inLanguage":"es","potentialAction":[{"@type":"CommentAction","name":"Comment","target":["https:\/\/mymasesoriaygestion.com\/index.php\/2023\/02\/17\/publicado-el-salario-minimo-interprofesional-para-2023\/#respond"]}]},{"@type":"WebPage","@id":"https:\/\/mymasesoriaygestion.com\/index.php\/2023\/02\/17\/publicado-el-salario-minimo-interprofesional-para-2023\/","url":"https:\/\/mymasesoriaygestion.com\/index.php\/2023\/02\/17\/publicado-el-salario-minimo-interprofesional-para-2023\/","name":"Publicado el salario m\u00ednimo interprofesional para 2023 - M&amp;M Asesor&iacute;a y Gestion","isPartOf":{"@id":"https:\/\/mymasesoriaygestion.com\/#website"},"primaryImageOfPage":{"@id":"https:\/\/mymasesoriaygestion.com\/index.php\/2023\/02\/17\/publicado-el-salario-minimo-interprofesional-para-2023\/#primaryimage"},"image":{"@id":"https:\/\/mymasesoriaygestion.com\/index.php\/2023\/02\/17\/publicado-el-salario-minimo-interprofesional-para-2023\/#primaryimage"},"thumbnailUrl":"https:\/\/mymasesoriaygestion.com\/wp-content\/uploads\/2023\/02\/Monedas-caendo.jpg","datePublished":"2023-02-17T09:22:24+00:00","dateModified":"2023-02-17T09:23:28+00:00","description":"Somos la asesor\u00eda de los aut\u00f3nomos","breadcrumb":{"@id":"https:\/\/mymasesoriaygestion.com\/index.php\/2023\/02\/17\/publicado-el-salario-minimo-interprofesional-para-2023\/#breadcrumb"},"inLanguage":"es","potentialAction":[{"@type":"ReadAction","target":["https:\/\/mymasesoriaygestion.com\/index.php\/2023\/02\/17\/publicado-el-salario-minimo-interprofesional-para-2023\/"]}]},{"@type":"ImageObject","inLanguage":"es","@id":"https:\/\/mymasesoriaygestion.com\/index.php\/2023\/02\/17\/publicado-el-salario-minimo-interprofesional-para-2023\/#primaryimage","url":"https:\/\/mymasesoriaygestion.com\/wp-content\/uploads\/2023\/02\/Monedas-caendo.jpg","contentUrl":"https:\/\/mymasesoriaygestion.com\/wp-content\/uploads\/2023\/02\/Monedas-caendo.jpg","width":2201,"height":2201},{"@type":"BreadcrumbList","@id":"https:\/\/mymasesoriaygestion.com\/index.php\/2023\/02\/17\/publicado-el-salario-minimo-interprofesional-para-2023\/#breadcrumb","itemListElement":[{"@type":"ListItem","position":1,"name":"Portada","item":"https:\/\/mymasesoriaygestion.com\/"},{"@type":"ListItem","position":2,"name":"Publicado el salario m\u00ednimo interprofesional para 2023"}]},{"@type":"WebSite","@id":"https:\/\/mymasesoriaygestion.com\/#website","url":"https:\/\/mymasesoriaygestion.com\/","name":"M&amp;M Asesor&iacute;a y Gestion","description":"Asesorando al mundo desde Tenerife","publisher":{"@id":"https:\/\/mymasesoriaygestion.com\/#organization"},"potentialAction":[{"@type":"SearchAction","target":{"@type":"EntryPoint","urlTemplate":"https:\/\/mymasesoriaygestion.com\/?s={search_term_string}"},"query-input":{"@type":"PropertyValueSpecification","valueRequired":true,"valueName":"search_term_string"}}],"inLanguage":"es"},{"@type":"Organization","@id":"https:\/\/mymasesoriaygestion.com\/#organization","name":"M&amp;M Asesor&iacute;a y Gestion","url":"https:\/\/mymasesoriaygestion.com\/","logo":{"@type":"ImageObject","inLanguage":"es","@id":"https:\/\/mymasesoriaygestion.com\/#\/schema\/logo\/image\/","url":"https:\/\/mymasesoriaygestion.com\/wp-content\/uploads\/2021\/06\/cropped-cropped-logo_MyM.png","contentUrl":"https:\/\/mymasesoriaygestion.com\/wp-content\/uploads\/2021\/06\/cropped-cropped-logo_MyM.png","width":512,"height":404,"caption":"M&amp;M Asesor&iacute;a y Gestion"},"image":{"@id":"https:\/\/mymasesoriaygestion.com\/#\/schema\/logo\/image\/"}},{"@type":"Person","@id":"https:\/\/mymasesoriaygestion.com\/#\/schema\/person\/3e0ca6b0f70f5fe7a258cc1fdc023a82","name":"Macarena Hern\u00e1ndez","image":{"@type":"ImageObject","inLanguage":"es","@id":"https:\/\/mymasesoriaygestion.com\/#\/schema\/person\/image\/","url":"https:\/\/secure.gravatar.com\/avatar\/828c134550e1af2bcb6b6a0b41954c684cacd523957bddc8a82a07ce73ab3eff?s=96&d=mm&r=g","contentUrl":"https:\/\/secure.gravatar.com\/avatar\/828c134550e1af2bcb6b6a0b41954c684cacd523957bddc8a82a07ce73ab3eff?s=96&d=mm&r=g","caption":"Macarena Hern\u00e1ndez"},"url":"https:\/\/mymasesoriaygestion.com\/index.php\/author\/mymasesoria\/"}]}},"_links":{"self":[{"href":"https:\/\/mymasesoriaygestion.com\/index.php\/wp-json\/wp\/v2\/posts\/211","targetHints":{"allow":["GET"]}}],"collection":[{"href":"https:\/\/mymasesoriaygestion.com\/index.php\/wp-json\/wp\/v2\/posts"}],"about":[{"href":"https:\/\/mymasesoriaygestion.com\/index.php\/wp-json\/wp\/v2\/types\/post"}],"author":[{"embeddable":true,"href":"https:\/\/mymasesoriaygestion.com\/index.php\/wp-json\/wp\/v2\/users\/3"}],"replies":[{"embeddable":true,"href":"https:\/\/mymasesoriaygestion.com\/index.php\/wp-json\/wp\/v2\/comments?post=211"}],"version-history":[{"count":2,"href":"https:\/\/mymasesoriaygestion.com\/index.php\/wp-json\/wp\/v2\/posts\/211\/revisions"}],"predecessor-version":[{"id":215,"href":"https:\/\/mymasesoriaygestion.com\/index.php\/wp-json\/wp\/v2\/posts\/211\/revisions\/215"}],"wp:featuredmedia":[{"embeddable":true,"href":"https:\/\/mymasesoriaygestion.com\/index.php\/wp-json\/wp\/v2\/media\/212"}],"wp:attachment":[{"href":"https:\/\/mymasesoriaygestion.com\/index.php\/wp-json\/wp\/v2\/media?parent=211"}],"wp:term":[{"taxonomy":"category","embeddable":true,"href":"https:\/\/mymasesoriaygestion.com\/index.php\/wp-json\/wp\/v2\/categories?post=211"},{"taxonomy":"post_tag","embeddable":true,"href":"https:\/\/mymasesoriaygestion.com\/index.php\/wp-json\/wp\/v2\/tags?post=211"}],"curies":[{"name":"wp","href":"https:\/\/api.w.org\/{rel}","templated":true}]}}