{"id":216,"date":"2023-02-17T09:41:34","date_gmt":"2023-02-17T09:41:34","guid":{"rendered":"https:\/\/mymasesoriaygestion.com\/?p=216"},"modified":"2023-02-17T09:42:28","modified_gmt":"2023-02-17T09:42:28","slug":"aperturado-el-plazo-para-solicitarse-la-ayuda-de-200-euros-para-personas-con-bajos-ingresos-y-patrimonio","status":"publish","type":"post","link":"https:\/\/mymasesoriaygestion.com\/index.php\/2023\/02\/17\/aperturado-el-plazo-para-solicitarse-la-ayuda-de-200-euros-para-personas-con-bajos-ingresos-y-patrimonio\/","title":{"rendered":"Aperturado el plazo para solicitarse la ayuda de 200 euros para personas con bajos ingresos y patrimonio"},"content":{"rendered":"\n<p>Desde este 15 de febrero de 2023 puede solicitarse en la web de la Agencia Tributaria la nueva ayuda de 200 euros para personas con bajos ingresos y patrimonio que establece el\u00a0<a href=\"https:\/\/www.iberley.es\/legislacion\/real-decreto-20-2022-27-dic-medidas-consecuencias-guerra-ucrania-apoyo-reconstruccion-palma-situaciones-vulnerabilidad-27161934?term=Real%20Decreto-ley%2020\/2022,%20de%2027%20de%20diciembre&amp;noIndex\" target=\"_blank\" rel=\"noreferrer noopener\">Real Decreto-ley 20\/2022, de 27 de diciembre<\/a>. El plazo de solicitud se prolongar\u00e1 hasta el 31 de marzo.<\/p>\n\n\n\n<p><strong>Desde este 15 de febrero de 2023<\/strong>, la AEAT pone a disposici\u00f3n de todos los posibles beneficiarios\u00a0<strong>el formulario online que permite solicitar la nueva ayuda de 200 euros para personas con bajos ingresos y patrimonio, establecida en el\u00a0<a href=\"https:\/\/www.iberley.es\/legislacion\/real-decreto-20-2022-27-dic-medidas-consecuencias-guerra-ucrania-apoyo-reconstruccion-palma-situaciones-vulnerabilidad-27161934\" target=\"_blank\" rel=\"noreferrer noopener\"><\/a><a href=\"https:\/\/www.iberley.es\/legislacion\/real-decreto-20-2022-27-dic-medidas-consecuencias-guerra-ucrania-apoyo-reconstruccion-palma-situaciones-vulnerabilidad-27161934?term=Real%20Decreto-ley%2020\/2022,%20de%2027%20de%20diciembre&amp;noIndex\" target=\"_blank\" rel=\"noreferrer noopener\">Real Decreto-ley 20\/2022, de 27 de diciembre<\/a>\u00a0<\/strong>. La ayuda podr\u00e1 solicitarse\u00a0<strong>hasta el 31 de marzo<\/strong>\u00a0y el plazo de pago por parte de la Agencia tributaria es de tres meses a partir de la aprobaci\u00f3n de la misma.\u00a0<\/p>\n\n\n\n<p>Como en el caso de la anterior ayuda de 200 euros, se requerir\u00e1 el alta de los solicitantes en el sistema \u00abClave\u00bb, que puede realizarse por internet, por videollamada o presencialmente en las oficinas de la Agencia u otros organismos p\u00fablicos. El alta en este sistema solo requiere aportar los datos del DNI y un n\u00famero de tel\u00e9fono m\u00f3vil. Si cuenta con Certificado Digital, tambi\u00e9n puede tramitar esta ayuda. <\/p>\n\n\n\n<p>El formulario de solicitud de la ayuda se encuentra en el<strong>&nbsp;apartado de informaci\u00f3n destacada de la sede electr\u00f3nica de la AEAT<\/strong>&nbsp;y en \u00e9l solo ser\u00e1 necesario aportar los datos identificativos y domicilio del solicitante y de las personas con las que convive en el hogar, as\u00ed como un tel\u00e9fono de contacto y el n\u00famero de cuenta bancaria para hacer efectivo el pago de la ayuda.<\/p>\n\n\n\n<p>Por lo dem\u00e1s, y de cara a facilitar la solicitud, los servicios de ayuda incluir\u00e1n&nbsp;<strong>folletos, v\u00eddeos explicativos<\/strong>, soluci\u00f3n de dudas frecuentes y&nbsp;<strong>carteles informativos<\/strong>&nbsp;en las oficinas.<\/p>\n\n\n\n<p><strong>Servicios de ayuda: folletos, v\u00eddeos y carteles informativos<\/strong><\/p>\n\n\n\n<p>Antes del inicio del plazo de solicitud, la AEAT ya hab\u00eda habilitado el espacio en su web para la nueva ayuda de 200 euros a fin de facilitar la visualizaci\u00f3n de un bloque espec\u00edfico de preguntas frecuentes y de incentivar a los posibles solicitantes que no estuviesen dados de alta en el sistema \u00abClave\u00bb, ni contasen con certificado electr\u00f3nico, a que realizasen dicho sencillo tr\u00e1mite.&nbsp;<\/p>\n\n\n\n<p>Asimismo, toda la informaci\u00f3n necesaria se recoger\u00e1 tambi\u00e9n en folletos y v\u00eddeos explicativos que se publicar\u00e1n en la web de la Agencia tributaria; labor que se complementar\u00e1 con carteles informativos en las zonas de atenci\u00f3n al p\u00fablico de las oficinas en todo el territorio.<\/p>\n\n\n\n<p><strong>Beneficiarios y requisitos<\/strong><\/p>\n\n\n\n<p>La ayuda consiste en un \u00fanico pago de 200 euros para trabajadores por cuenta propia o ajena y beneficiarios de la prestaci\u00f3n o subsidio de desempleo en 2022 que el pasado a\u00f1o no superasen los 27.000 euros brutos de renta y cuyo patrimonio (descontando la vivienda habitual) no rebasara los 75.000 euros. Adem\u00e1s, los beneficiarios deben tener residencia habitual en Espa\u00f1a en 2022.<\/p>\n\n\n\n<p>Por otra parte, y de cara al c\u00e1lculo de importes se debe sumar la renta y el patrimonio de las siguientes personas que convivan en el mismo domicilio:&nbsp;<\/p>\n\n\n\n<ul class=\"wp-block-list\">\n<li>El propio beneficiario.<\/li>\n\n\n\n<li>Su c\u00f3nyuge o pareja de hecho.<\/li>\n\n\n\n<li>Los descendientes menores de 25 a\u00f1os, o con discapacidad, con rentas que no excedan de 8.000 euros.<\/li>\n\n\n\n<li>Ascendientes hasta segundo grado por l\u00ednea directa (padres y abuelos).<\/li>\n<\/ul>\n\n\n\n<p>La finalidad que persigue esta ayuda es paliar el efecto perjudicial en los precios ocasionado por la crisis energ\u00e9tica derivada de la invasi\u00f3n de Ucrania en situaciones de vulnerabilidad econ\u00f3mica no cubiertas por otras prestaciones de car\u00e1cter social. En esa medida, no son destinatarios de esta ayuda los&nbsp;<strong>perceptores a 31 de diciembre de 2022 del Ingreso M\u00ednimo Vital y de pensiones de la Seguridad Social.<\/strong><\/p>\n\n\n\n<p>Finalmente, el Real Decreto establece el requisito de que&nbsp;<strong>ninguno de los convivientes mencionados fuese en 2022 administrador de una sociedad activa, ni titular de acciones o participaciones no cotizadas.<\/strong><\/p>\n\n\n\n<p class=\"has-text-align-right\"><em>Fuente: Ministerio de Hacienda y Funci\u00f3n P\u00fablica.<\/em><\/p>\n\n\n\n<hr class=\"wp-block-separator has-alpha-channel-opacity\"\/>\n","protected":false},"excerpt":{"rendered":"<p>Desde este 15 de febrero de 2023 puede solicitarse en la web de la Agencia Tributaria la nueva ayuda de 200 euros para personas con bajos ingresos y patrimonio que establece el\u00a0Real Decreto-ley 20\/2022, de 27 de diciembre. El plazo de solicitud se prolongar\u00e1 hasta el 31 de marzo. Desde este 15 de febrero de [&hellip;]<\/p>\n","protected":false},"author":3,"featured_media":217,"comment_status":"open","ping_status":"open","sticky":false,"template":"","format":"standard","meta":{"footnotes":""},"categories":[17],"tags":[24,37,15,39],"class_list":["post-216","post","type-post","status-publish","format-standard","has-post-thumbnail","hentry","category-noticias","tag-autonomo","tag-ayuda-200e","tag-empresario","tag-pymes"],"yoast_head":"<!-- This site is optimized with the Yoast SEO plugin v27.1.1 - https:\/\/yoast.com\/product\/yoast-seo-wordpress\/ -->\n<title>Aperturado el plazo para solicitarse la ayuda de 200 euros para personas con bajos ingresos y patrimonio - M&amp;M Asesor&iacute;a y Gestion<\/title>\n<meta name=\"description\" content=\"Somos la asesor\u00eda de los aut\u00f3nomos, emprendedores y pymes\" \/>\n<meta name=\"robots\" content=\"index, follow, max-snippet:-1, max-image-preview:large, max-video-preview:-1\" \/>\n<link rel=\"canonical\" href=\"https:\/\/mymasesoriaygestion.com\/index.php\/2023\/02\/17\/aperturado-el-plazo-para-solicitarse-la-ayuda-de-200-euros-para-personas-con-bajos-ingresos-y-patrimonio\/\" \/>\n<meta property=\"og:locale\" content=\"es_ES\" \/>\n<meta property=\"og:type\" content=\"article\" \/>\n<meta property=\"og:title\" content=\"Aperturado el plazo para solicitarse la ayuda de 200 euros para personas con bajos ingresos y patrimonio - M&amp;M Asesor&iacute;a y Gestion\" \/>\n<meta property=\"og:description\" content=\"Somos la asesor\u00eda de los aut\u00f3nomos, emprendedores y pymes\" \/>\n<meta property=\"og:url\" content=\"https:\/\/mymasesoriaygestion.com\/index.php\/2023\/02\/17\/aperturado-el-plazo-para-solicitarse-la-ayuda-de-200-euros-para-personas-con-bajos-ingresos-y-patrimonio\/\" \/>\n<meta property=\"og:site_name\" content=\"M&amp;M Asesor&iacute;a y Gestion\" \/>\n<meta property=\"article:published_time\" content=\"2023-02-17T09:41:34+00:00\" \/>\n<meta property=\"article:modified_time\" content=\"2023-02-17T09:42:28+00:00\" \/>\n<meta property=\"og:image\" content=\"https:\/\/mymasesoriaygestion.com\/wp-content\/uploads\/2023\/02\/grande_32220.jpg\" \/>\n\t<meta property=\"og:image:width\" content=\"750\" \/>\n\t<meta property=\"og:image:height\" content=\"500\" \/>\n\t<meta property=\"og:image:type\" content=\"image\/jpeg\" \/>\n<meta name=\"author\" content=\"Macarena Hern\u00e1ndez\" \/>\n<meta name=\"twitter:card\" content=\"summary_large_image\" \/>\n<meta name=\"twitter:label1\" content=\"Escrito por\" \/>\n\t<meta name=\"twitter:data1\" content=\"Macarena Hern\u00e1ndez\" \/>\n\t<meta name=\"twitter:label2\" content=\"Tiempo de lectura\" \/>\n\t<meta name=\"twitter:data2\" content=\"3 minutos\" \/>\n<script type=\"application\/ld+json\" class=\"yoast-schema-graph\">{\"@context\":\"https:\/\/schema.org\",\"@graph\":[{\"@type\":\"Article\",\"@id\":\"https:\/\/mymasesoriaygestion.com\/index.php\/2023\/02\/17\/aperturado-el-plazo-para-solicitarse-la-ayuda-de-200-euros-para-personas-con-bajos-ingresos-y-patrimonio\/#article\",\"isPartOf\":{\"@id\":\"https:\/\/mymasesoriaygestion.com\/index.php\/2023\/02\/17\/aperturado-el-plazo-para-solicitarse-la-ayuda-de-200-euros-para-personas-con-bajos-ingresos-y-patrimonio\/\"},\"author\":{\"name\":\"Macarena Hern\u00e1ndez\",\"@id\":\"https:\/\/mymasesoriaygestion.com\/#\/schema\/person\/3e0ca6b0f70f5fe7a258cc1fdc023a82\"},\"headline\":\"Aperturado el plazo para solicitarse la ayuda de 200 euros para personas con bajos ingresos y patrimonio\",\"datePublished\":\"2023-02-17T09:41:34+00:00\",\"dateModified\":\"2023-02-17T09:42:28+00:00\",\"mainEntityOfPage\":{\"@id\":\"https:\/\/mymasesoriaygestion.com\/index.php\/2023\/02\/17\/aperturado-el-plazo-para-solicitarse-la-ayuda-de-200-euros-para-personas-con-bajos-ingresos-y-patrimonio\/\"},\"wordCount\":685,\"commentCount\":0,\"publisher\":{\"@id\":\"https:\/\/mymasesoriaygestion.com\/#organization\"},\"image\":{\"@id\":\"https:\/\/mymasesoriaygestion.com\/index.php\/2023\/02\/17\/aperturado-el-plazo-para-solicitarse-la-ayuda-de-200-euros-para-personas-con-bajos-ingresos-y-patrimonio\/#primaryimage\"},\"thumbnailUrl\":\"https:\/\/mymasesoriaygestion.com\/wp-content\/uploads\/2023\/02\/grande_32220.jpg\",\"keywords\":[\"Aut\u00f3nomo\",\"Ayuda 200\u20ac\",\"empresario\",\"Pymes\"],\"articleSection\":[\"Noticias\"],\"inLanguage\":\"es\",\"potentialAction\":[{\"@type\":\"CommentAction\",\"name\":\"Comment\",\"target\":[\"https:\/\/mymasesoriaygestion.com\/index.php\/2023\/02\/17\/aperturado-el-plazo-para-solicitarse-la-ayuda-de-200-euros-para-personas-con-bajos-ingresos-y-patrimonio\/#respond\"]}]},{\"@type\":\"WebPage\",\"@id\":\"https:\/\/mymasesoriaygestion.com\/index.php\/2023\/02\/17\/aperturado-el-plazo-para-solicitarse-la-ayuda-de-200-euros-para-personas-con-bajos-ingresos-y-patrimonio\/\",\"url\":\"https:\/\/mymasesoriaygestion.com\/index.php\/2023\/02\/17\/aperturado-el-plazo-para-solicitarse-la-ayuda-de-200-euros-para-personas-con-bajos-ingresos-y-patrimonio\/\",\"name\":\"Aperturado el plazo para solicitarse la ayuda de 200 euros para personas con bajos ingresos y patrimonio - M&amp;M Asesor&iacute;a y Gestion\",\"isPartOf\":{\"@id\":\"https:\/\/mymasesoriaygestion.com\/#website\"},\"primaryImageOfPage\":{\"@id\":\"https:\/\/mymasesoriaygestion.com\/index.php\/2023\/02\/17\/aperturado-el-plazo-para-solicitarse-la-ayuda-de-200-euros-para-personas-con-bajos-ingresos-y-patrimonio\/#primaryimage\"},\"image\":{\"@id\":\"https:\/\/mymasesoriaygestion.com\/index.php\/2023\/02\/17\/aperturado-el-plazo-para-solicitarse-la-ayuda-de-200-euros-para-personas-con-bajos-ingresos-y-patrimonio\/#primaryimage\"},\"thumbnailUrl\":\"https:\/\/mymasesoriaygestion.com\/wp-content\/uploads\/2023\/02\/grande_32220.jpg\",\"datePublished\":\"2023-02-17T09:41:34+00:00\",\"dateModified\":\"2023-02-17T09:42:28+00:00\",\"description\":\"Somos la asesor\u00eda de los aut\u00f3nomos, emprendedores y pymes\",\"breadcrumb\":{\"@id\":\"https:\/\/mymasesoriaygestion.com\/index.php\/2023\/02\/17\/aperturado-el-plazo-para-solicitarse-la-ayuda-de-200-euros-para-personas-con-bajos-ingresos-y-patrimonio\/#breadcrumb\"},\"inLanguage\":\"es\",\"potentialAction\":[{\"@type\":\"ReadAction\",\"target\":[\"https:\/\/mymasesoriaygestion.com\/index.php\/2023\/02\/17\/aperturado-el-plazo-para-solicitarse-la-ayuda-de-200-euros-para-personas-con-bajos-ingresos-y-patrimonio\/\"]}]},{\"@type\":\"ImageObject\",\"inLanguage\":\"es\",\"@id\":\"https:\/\/mymasesoriaygestion.com\/index.php\/2023\/02\/17\/aperturado-el-plazo-para-solicitarse-la-ayuda-de-200-euros-para-personas-con-bajos-ingresos-y-patrimonio\/#primaryimage\",\"url\":\"https:\/\/mymasesoriaygestion.com\/wp-content\/uploads\/2023\/02\/grande_32220.jpg\",\"contentUrl\":\"https:\/\/mymasesoriaygestion.com\/wp-content\/uploads\/2023\/02\/grande_32220.jpg\",\"width\":750,\"height\":500},{\"@type\":\"BreadcrumbList\",\"@id\":\"https:\/\/mymasesoriaygestion.com\/index.php\/2023\/02\/17\/aperturado-el-plazo-para-solicitarse-la-ayuda-de-200-euros-para-personas-con-bajos-ingresos-y-patrimonio\/#breadcrumb\",\"itemListElement\":[{\"@type\":\"ListItem\",\"position\":1,\"name\":\"Portada\",\"item\":\"https:\/\/mymasesoriaygestion.com\/\"},{\"@type\":\"ListItem\",\"position\":2,\"name\":\"Aperturado el plazo para solicitarse la ayuda de 200 euros para personas con bajos ingresos y patrimonio\"}]},{\"@type\":\"WebSite\",\"@id\":\"https:\/\/mymasesoriaygestion.com\/#website\",\"url\":\"https:\/\/mymasesoriaygestion.com\/\",\"name\":\"M&amp;M Asesor&iacute;a y Gestion\",\"description\":\"Asesorando al mundo desde Tenerife\",\"publisher\":{\"@id\":\"https:\/\/mymasesoriaygestion.com\/#organization\"},\"potentialAction\":[{\"@type\":\"SearchAction\",\"target\":{\"@type\":\"EntryPoint\",\"urlTemplate\":\"https:\/\/mymasesoriaygestion.com\/?s={search_term_string}\"},\"query-input\":{\"@type\":\"PropertyValueSpecification\",\"valueRequired\":true,\"valueName\":\"search_term_string\"}}],\"inLanguage\":\"es\"},{\"@type\":\"Organization\",\"@id\":\"https:\/\/mymasesoriaygestion.com\/#organization\",\"name\":\"M&amp;M Asesor&iacute;a y Gestion\",\"url\":\"https:\/\/mymasesoriaygestion.com\/\",\"logo\":{\"@type\":\"ImageObject\",\"inLanguage\":\"es\",\"@id\":\"https:\/\/mymasesoriaygestion.com\/#\/schema\/logo\/image\/\",\"url\":\"https:\/\/mymasesoriaygestion.com\/wp-content\/uploads\/2021\/06\/cropped-cropped-logo_MyM.png\",\"contentUrl\":\"https:\/\/mymasesoriaygestion.com\/wp-content\/uploads\/2021\/06\/cropped-cropped-logo_MyM.png\",\"width\":512,\"height\":404,\"caption\":\"M&amp;M Asesor&iacute;a y Gestion\"},\"image\":{\"@id\":\"https:\/\/mymasesoriaygestion.com\/#\/schema\/logo\/image\/\"}},{\"@type\":\"Person\",\"@id\":\"https:\/\/mymasesoriaygestion.com\/#\/schema\/person\/3e0ca6b0f70f5fe7a258cc1fdc023a82\",\"name\":\"Macarena Hern\u00e1ndez\",\"image\":{\"@type\":\"ImageObject\",\"inLanguage\":\"es\",\"@id\":\"https:\/\/mymasesoriaygestion.com\/#\/schema\/person\/image\/\",\"url\":\"https:\/\/secure.gravatar.com\/avatar\/828c134550e1af2bcb6b6a0b41954c684cacd523957bddc8a82a07ce73ab3eff?s=96&d=mm&r=g\",\"contentUrl\":\"https:\/\/secure.gravatar.com\/avatar\/828c134550e1af2bcb6b6a0b41954c684cacd523957bddc8a82a07ce73ab3eff?s=96&d=mm&r=g\",\"caption\":\"Macarena Hern\u00e1ndez\"},\"url\":\"https:\/\/mymasesoriaygestion.com\/index.php\/author\/mymasesoria\/\"}]}<\/script>\n<!-- \/ Yoast SEO plugin. -->","yoast_head_json":{"title":"Aperturado el plazo para solicitarse la ayuda de 200 euros para personas con bajos ingresos y patrimonio - M&amp;M Asesor&iacute;a y Gestion","description":"Somos la asesor\u00eda de los aut\u00f3nomos, emprendedores y pymes","robots":{"index":"index","follow":"follow","max-snippet":"max-snippet:-1","max-image-preview":"max-image-preview:large","max-video-preview":"max-video-preview:-1"},"canonical":"https:\/\/mymasesoriaygestion.com\/index.php\/2023\/02\/17\/aperturado-el-plazo-para-solicitarse-la-ayuda-de-200-euros-para-personas-con-bajos-ingresos-y-patrimonio\/","og_locale":"es_ES","og_type":"article","og_title":"Aperturado el plazo para solicitarse la ayuda de 200 euros para personas con bajos ingresos y patrimonio - M&amp;M Asesor&iacute;a y Gestion","og_description":"Somos la asesor\u00eda de los aut\u00f3nomos, emprendedores y pymes","og_url":"https:\/\/mymasesoriaygestion.com\/index.php\/2023\/02\/17\/aperturado-el-plazo-para-solicitarse-la-ayuda-de-200-euros-para-personas-con-bajos-ingresos-y-patrimonio\/","og_site_name":"M&amp;M Asesor&iacute;a y Gestion","article_published_time":"2023-02-17T09:41:34+00:00","article_modified_time":"2023-02-17T09:42:28+00:00","og_image":[{"width":750,"height":500,"url":"https:\/\/mymasesoriaygestion.com\/wp-content\/uploads\/2023\/02\/grande_32220.jpg","type":"image\/jpeg"}],"author":"Macarena Hern\u00e1ndez","twitter_card":"summary_large_image","twitter_misc":{"Escrito por":"Macarena Hern\u00e1ndez","Tiempo de lectura":"3 minutos"},"schema":{"@context":"https:\/\/schema.org","@graph":[{"@type":"Article","@id":"https:\/\/mymasesoriaygestion.com\/index.php\/2023\/02\/17\/aperturado-el-plazo-para-solicitarse-la-ayuda-de-200-euros-para-personas-con-bajos-ingresos-y-patrimonio\/#article","isPartOf":{"@id":"https:\/\/mymasesoriaygestion.com\/index.php\/2023\/02\/17\/aperturado-el-plazo-para-solicitarse-la-ayuda-de-200-euros-para-personas-con-bajos-ingresos-y-patrimonio\/"},"author":{"name":"Macarena Hern\u00e1ndez","@id":"https:\/\/mymasesoriaygestion.com\/#\/schema\/person\/3e0ca6b0f70f5fe7a258cc1fdc023a82"},"headline":"Aperturado el plazo para solicitarse la ayuda de 200 euros para personas con bajos ingresos y patrimonio","datePublished":"2023-02-17T09:41:34+00:00","dateModified":"2023-02-17T09:42:28+00:00","mainEntityOfPage":{"@id":"https:\/\/mymasesoriaygestion.com\/index.php\/2023\/02\/17\/aperturado-el-plazo-para-solicitarse-la-ayuda-de-200-euros-para-personas-con-bajos-ingresos-y-patrimonio\/"},"wordCount":685,"commentCount":0,"publisher":{"@id":"https:\/\/mymasesoriaygestion.com\/#organization"},"image":{"@id":"https:\/\/mymasesoriaygestion.com\/index.php\/2023\/02\/17\/aperturado-el-plazo-para-solicitarse-la-ayuda-de-200-euros-para-personas-con-bajos-ingresos-y-patrimonio\/#primaryimage"},"thumbnailUrl":"https:\/\/mymasesoriaygestion.com\/wp-content\/uploads\/2023\/02\/grande_32220.jpg","keywords":["Aut\u00f3nomo","Ayuda 200\u20ac","empresario","Pymes"],"articleSection":["Noticias"],"inLanguage":"es","potentialAction":[{"@type":"CommentAction","name":"Comment","target":["https:\/\/mymasesoriaygestion.com\/index.php\/2023\/02\/17\/aperturado-el-plazo-para-solicitarse-la-ayuda-de-200-euros-para-personas-con-bajos-ingresos-y-patrimonio\/#respond"]}]},{"@type":"WebPage","@id":"https:\/\/mymasesoriaygestion.com\/index.php\/2023\/02\/17\/aperturado-el-plazo-para-solicitarse-la-ayuda-de-200-euros-para-personas-con-bajos-ingresos-y-patrimonio\/","url":"https:\/\/mymasesoriaygestion.com\/index.php\/2023\/02\/17\/aperturado-el-plazo-para-solicitarse-la-ayuda-de-200-euros-para-personas-con-bajos-ingresos-y-patrimonio\/","name":"Aperturado el plazo para solicitarse la ayuda de 200 euros para personas con bajos ingresos y patrimonio - M&amp;M Asesor&iacute;a y Gestion","isPartOf":{"@id":"https:\/\/mymasesoriaygestion.com\/#website"},"primaryImageOfPage":{"@id":"https:\/\/mymasesoriaygestion.com\/index.php\/2023\/02\/17\/aperturado-el-plazo-para-solicitarse-la-ayuda-de-200-euros-para-personas-con-bajos-ingresos-y-patrimonio\/#primaryimage"},"image":{"@id":"https:\/\/mymasesoriaygestion.com\/index.php\/2023\/02\/17\/aperturado-el-plazo-para-solicitarse-la-ayuda-de-200-euros-para-personas-con-bajos-ingresos-y-patrimonio\/#primaryimage"},"thumbnailUrl":"https:\/\/mymasesoriaygestion.com\/wp-content\/uploads\/2023\/02\/grande_32220.jpg","datePublished":"2023-02-17T09:41:34+00:00","dateModified":"2023-02-17T09:42:28+00:00","description":"Somos la asesor\u00eda de los aut\u00f3nomos, emprendedores y pymes","breadcrumb":{"@id":"https:\/\/mymasesoriaygestion.com\/index.php\/2023\/02\/17\/aperturado-el-plazo-para-solicitarse-la-ayuda-de-200-euros-para-personas-con-bajos-ingresos-y-patrimonio\/#breadcrumb"},"inLanguage":"es","potentialAction":[{"@type":"ReadAction","target":["https:\/\/mymasesoriaygestion.com\/index.php\/2023\/02\/17\/aperturado-el-plazo-para-solicitarse-la-ayuda-de-200-euros-para-personas-con-bajos-ingresos-y-patrimonio\/"]}]},{"@type":"ImageObject","inLanguage":"es","@id":"https:\/\/mymasesoriaygestion.com\/index.php\/2023\/02\/17\/aperturado-el-plazo-para-solicitarse-la-ayuda-de-200-euros-para-personas-con-bajos-ingresos-y-patrimonio\/#primaryimage","url":"https:\/\/mymasesoriaygestion.com\/wp-content\/uploads\/2023\/02\/grande_32220.jpg","contentUrl":"https:\/\/mymasesoriaygestion.com\/wp-content\/uploads\/2023\/02\/grande_32220.jpg","width":750,"height":500},{"@type":"BreadcrumbList","@id":"https:\/\/mymasesoriaygestion.com\/index.php\/2023\/02\/17\/aperturado-el-plazo-para-solicitarse-la-ayuda-de-200-euros-para-personas-con-bajos-ingresos-y-patrimonio\/#breadcrumb","itemListElement":[{"@type":"ListItem","position":1,"name":"Portada","item":"https:\/\/mymasesoriaygestion.com\/"},{"@type":"ListItem","position":2,"name":"Aperturado el plazo para solicitarse la ayuda de 200 euros para personas con bajos ingresos y patrimonio"}]},{"@type":"WebSite","@id":"https:\/\/mymasesoriaygestion.com\/#website","url":"https:\/\/mymasesoriaygestion.com\/","name":"M&amp;M Asesor&iacute;a y Gestion","description":"Asesorando al mundo desde Tenerife","publisher":{"@id":"https:\/\/mymasesoriaygestion.com\/#organization"},"potentialAction":[{"@type":"SearchAction","target":{"@type":"EntryPoint","urlTemplate":"https:\/\/mymasesoriaygestion.com\/?s={search_term_string}"},"query-input":{"@type":"PropertyValueSpecification","valueRequired":true,"valueName":"search_term_string"}}],"inLanguage":"es"},{"@type":"Organization","@id":"https:\/\/mymasesoriaygestion.com\/#organization","name":"M&amp;M Asesor&iacute;a y Gestion","url":"https:\/\/mymasesoriaygestion.com\/","logo":{"@type":"ImageObject","inLanguage":"es","@id":"https:\/\/mymasesoriaygestion.com\/#\/schema\/logo\/image\/","url":"https:\/\/mymasesoriaygestion.com\/wp-content\/uploads\/2021\/06\/cropped-cropped-logo_MyM.png","contentUrl":"https:\/\/mymasesoriaygestion.com\/wp-content\/uploads\/2021\/06\/cropped-cropped-logo_MyM.png","width":512,"height":404,"caption":"M&amp;M Asesor&iacute;a y Gestion"},"image":{"@id":"https:\/\/mymasesoriaygestion.com\/#\/schema\/logo\/image\/"}},{"@type":"Person","@id":"https:\/\/mymasesoriaygestion.com\/#\/schema\/person\/3e0ca6b0f70f5fe7a258cc1fdc023a82","name":"Macarena Hern\u00e1ndez","image":{"@type":"ImageObject","inLanguage":"es","@id":"https:\/\/mymasesoriaygestion.com\/#\/schema\/person\/image\/","url":"https:\/\/secure.gravatar.com\/avatar\/828c134550e1af2bcb6b6a0b41954c684cacd523957bddc8a82a07ce73ab3eff?s=96&d=mm&r=g","contentUrl":"https:\/\/secure.gravatar.com\/avatar\/828c134550e1af2bcb6b6a0b41954c684cacd523957bddc8a82a07ce73ab3eff?s=96&d=mm&r=g","caption":"Macarena Hern\u00e1ndez"},"url":"https:\/\/mymasesoriaygestion.com\/index.php\/author\/mymasesoria\/"}]}},"_links":{"self":[{"href":"https:\/\/mymasesoriaygestion.com\/index.php\/wp-json\/wp\/v2\/posts\/216","targetHints":{"allow":["GET"]}}],"collection":[{"href":"https:\/\/mymasesoriaygestion.com\/index.php\/wp-json\/wp\/v2\/posts"}],"about":[{"href":"https:\/\/mymasesoriaygestion.com\/index.php\/wp-json\/wp\/v2\/types\/post"}],"author":[{"embeddable":true,"href":"https:\/\/mymasesoriaygestion.com\/index.php\/wp-json\/wp\/v2\/users\/3"}],"replies":[{"embeddable":true,"href":"https:\/\/mymasesoriaygestion.com\/index.php\/wp-json\/wp\/v2\/comments?post=216"}],"version-history":[{"count":2,"href":"https:\/\/mymasesoriaygestion.com\/index.php\/wp-json\/wp\/v2\/posts\/216\/revisions"}],"predecessor-version":[{"id":219,"href":"https:\/\/mymasesoriaygestion.com\/index.php\/wp-json\/wp\/v2\/posts\/216\/revisions\/219"}],"wp:featuredmedia":[{"embeddable":true,"href":"https:\/\/mymasesoriaygestion.com\/index.php\/wp-json\/wp\/v2\/media\/217"}],"wp:attachment":[{"href":"https:\/\/mymasesoriaygestion.com\/index.php\/wp-json\/wp\/v2\/media?parent=216"}],"wp:term":[{"taxonomy":"category","embeddable":true,"href":"https:\/\/mymasesoriaygestion.com\/index.php\/wp-json\/wp\/v2\/categories?post=216"},{"taxonomy":"post_tag","embeddable":true,"href":"https:\/\/mymasesoriaygestion.com\/index.php\/wp-json\/wp\/v2\/tags?post=216"}],"curies":[{"name":"wp","href":"https:\/\/api.w.org\/{rel}","templated":true}]}}