{"id":288,"date":"2025-10-23T19:53:14","date_gmt":"2025-10-23T19:53:14","guid":{"rendered":"https:\/\/mymasesoriaygestion.com\/?p=288"},"modified":"2025-10-23T19:53:15","modified_gmt":"2025-10-23T19:53:15","slug":"verifactu-sanciones-incumplimiento-2025","status":"publish","type":"post","link":"https:\/\/mymasesoriaygestion.com\/index.php\/2025\/10\/23\/verifactu-sanciones-incumplimiento-2025\/","title":{"rendered":"Sanciones por no cumplir con Verifactu: gu\u00eda pr\u00e1ctica 2025 para aut\u00f3nomos y pymes"},"content":{"rendered":"\n<figure class=\"wp-block-image size-large\"><img loading=\"lazy\" decoding=\"async\" width=\"1024\" height=\"576\" src=\"https:\/\/mymasesoriaygestion.com\/wp-content\/uploads\/2025\/10\/verifactu-1-1024x576.png\" alt=\"\" class=\"wp-image-289\" srcset=\"https:\/\/mymasesoriaygestion.com\/wp-content\/uploads\/2025\/10\/verifactu-1-1024x576.png 1024w, https:\/\/mymasesoriaygestion.com\/wp-content\/uploads\/2025\/10\/verifactu-1-300x169.png 300w, https:\/\/mymasesoriaygestion.com\/wp-content\/uploads\/2025\/10\/verifactu-1-768x432.png 768w, https:\/\/mymasesoriaygestion.com\/wp-content\/uploads\/2025\/10\/verifactu-1-1536x864.png 1536w, https:\/\/mymasesoriaygestion.com\/wp-content\/uploads\/2025\/10\/verifactu-1.png 1920w\" sizes=\"auto, (max-width: 1024px) 100vw, 1024px\" \/><\/figure>\n\n\n\n<p><\/p>\n\n\n\n<p><strong>Actualizado a octubre de 2025<\/strong><\/p>\n\n\n\n<p><strong>Verifactu<\/strong> no es solo \u201cun nuevo programa de facturaci\u00f3n\u201d. Es una <strong>obligaci\u00f3n legal<\/strong> que garantiza <strong>integridad, trazabilidad e inalterabilidad<\/strong> de los registros de facturaci\u00f3n. Nace de la <strong>Ley Antifraude 11\/2021<\/strong> y se desarrolla en el <strong>Real Decreto 1007\/2023 (RRSIF)<\/strong>, con implantaci\u00f3n progresiva entre <strong>julio de 2025 y julio de 2026<\/strong>.<br>Si no te adaptas, te expones a <strong>multas relevantes<\/strong>, a <strong>controles intensivos<\/strong> de la AEAT y a riesgos reputacionales y de tesorer\u00eda.<\/p>\n\n\n\n<p>En esta gu\u00eda resumimos <strong>qu\u00e9 se considera incumplimiento<\/strong>, <strong>qui\u00e9n responde<\/strong> (empresa vs. fabricante), <strong>qu\u00e9 sanciones contempla la ley<\/strong> y <strong>qu\u00e9 riesgos adicionales<\/strong> debes tener en el radar para evitar sorpresas.<\/p>\n\n\n\n<div id=\"ez-toc-container\" class=\"ez-toc-v2_0_81 counter-hierarchy ez-toc-counter ez-toc-grey ez-toc-container-direction\">\n<div class=\"ez-toc-title-container\">\n<p class=\"ez-toc-title\" style=\"cursor:inherit\">Table of Contents<\/p>\n<span class=\"ez-toc-title-toggle\"><a href=\"#\" class=\"ez-toc-pull-right ez-toc-btn ez-toc-btn-xs ez-toc-btn-default ez-toc-toggle\" aria-label=\"Alternar tabla de contenidos\"><span class=\"ez-toc-js-icon-con\"><span class=\"\"><span class=\"eztoc-hide\" style=\"display:none;\">Toggle<\/span><span class=\"ez-toc-icon-toggle-span\"><svg style=\"fill: #999;color:#999\" xmlns=\"http:\/\/www.w3.org\/2000\/svg\" class=\"list-377408\" width=\"20px\" height=\"20px\" viewBox=\"0 0 24 24\" fill=\"none\"><path d=\"M6 6H4v2h2V6zm14 0H8v2h12V6zM4 11h2v2H4v-2zm16 0H8v2h12v-2zM4 16h2v2H4v-2zm16 0H8v2h12v-2z\" fill=\"currentColor\"><\/path><\/svg><svg style=\"fill: #999;color:#999\" class=\"arrow-unsorted-368013\" xmlns=\"http:\/\/www.w3.org\/2000\/svg\" width=\"10px\" height=\"10px\" viewBox=\"0 0 24 24\" version=\"1.2\" baseProfile=\"tiny\"><path d=\"M18.2 9.3l-6.2-6.3-6.2 6.3c-.2.2-.3.4-.3.7s.1.5.3.7c.2.2.4.3.7.3h11c.3 0 .5-.1.7-.3.2-.2.3-.5.3-.7s-.1-.5-.3-.7zM5.8 14.7l6.2 6.3 6.2-6.3c.2-.2.3-.5.3-.7s-.1-.5-.3-.7c-.2-.2-.4-.3-.7-.3h-11c-.3 0-.5.1-.7.3-.2.2-.3.5-.3.7s.1.5.3.7z\"\/><\/svg><\/span><\/span><\/span><\/a><\/span><\/div>\n<nav><ul class='ez-toc-list ez-toc-list-level-1 ' ><li class='ez-toc-page-1 ez-toc-heading-level-2'><a class=\"ez-toc-link ez-toc-heading-1\" href=\"https:\/\/mymasesoriaygestion.com\/index.php\/2025\/10\/23\/verifactu-sanciones-incumplimiento-2025\/#Escenarios_de_incumplimiento_de_Verifactu_escenarios\" >Escenarios de incumplimiento de Verifactu {#escenarios}<\/a><ul class='ez-toc-list-level-3' ><li class='ez-toc-heading-level-3'><a class=\"ez-toc-link ez-toc-heading-2\" href=\"https:\/\/mymasesoriaygestion.com\/index.php\/2025\/10\/23\/verifactu-sanciones-incumplimiento-2025\/#Errores_o_incidencias_tecnicas_subsanables\" >Errores o incidencias t\u00e9cnicas (subsanables)<\/a><\/li><li class='ez-toc-page-1 ez-toc-heading-level-3'><a class=\"ez-toc-link ez-toc-heading-3\" href=\"https:\/\/mymasesoriaygestion.com\/index.php\/2025\/10\/23\/verifactu-sanciones-incumplimiento-2025\/#Incumplimiento_deliberado_grave\" >Incumplimiento deliberado (grave)<\/a><\/li><\/ul><\/li><li class='ez-toc-page-1 ez-toc-heading-level-2'><a class=\"ez-toc-link ez-toc-heading-4\" href=\"https:\/\/mymasesoriaygestion.com\/index.php\/2025\/10\/23\/verifactu-sanciones-incumplimiento-2025\/#%C2%BFQuien_es_responsable_la_empresa_o_el_fabricante_responsables\" >\u00bfQui\u00e9n es responsable: la empresa o el fabricante? {#responsables}<\/a><ul class='ez-toc-list-level-3' ><li class='ez-toc-heading-level-3'><a class=\"ez-toc-link ez-toc-heading-5\" href=\"https:\/\/mymasesoriaygestion.com\/index.php\/2025\/10\/23\/verifactu-sanciones-incumplimiento-2025\/#Responsabilidad_del_fabricantecomercializador\" >Responsabilidad del fabricante\/comercializador<\/a><\/li><li class='ez-toc-page-1 ez-toc-heading-level-3'><a class=\"ez-toc-link ez-toc-heading-6\" href=\"https:\/\/mymasesoriaygestion.com\/index.php\/2025\/10\/23\/verifactu-sanciones-incumplimiento-2025\/#Responsabilidad_de_la_empresa_usuaria\" >Responsabilidad de la empresa usuaria<\/a><\/li><\/ul><\/li><li class='ez-toc-page-1 ez-toc-heading-level-2'><a class=\"ez-toc-link ez-toc-heading-7\" href=\"https:\/\/mymasesoriaygestion.com\/index.php\/2025\/10\/23\/verifactu-sanciones-incumplimiento-2025\/#Sanciones_por_no_cumplir_con_Verifactu_sanciones\" >Sanciones por no cumplir con Verifactu {#sanciones}<\/a><\/li><li class='ez-toc-page-1 ez-toc-heading-level-2'><a class=\"ez-toc-link ez-toc-heading-8\" href=\"https:\/\/mymasesoriaygestion.com\/index.php\/2025\/10\/23\/verifactu-sanciones-incumplimiento-2025\/#Riesgos_adicionales_mas_alla_de_la_multa_riesgos\" >Riesgos adicionales (m\u00e1s all\u00e1 de la multa) {#riesgos}<\/a><ul class='ez-toc-list-level-3' ><li class='ez-toc-heading-level-3'><a class=\"ez-toc-link ez-toc-heading-9\" href=\"https:\/\/mymasesoriaygestion.com\/index.php\/2025\/10\/23\/verifactu-sanciones-incumplimiento-2025\/#1_Tesoreria_y_clientes\" >1) Tesorer\u00eda y clientes<\/a><\/li><li class='ez-toc-page-1 ez-toc-heading-level-3'><a class=\"ez-toc-link ez-toc-heading-10\" href=\"https:\/\/mymasesoriaygestion.com\/index.php\/2025\/10\/23\/verifactu-sanciones-incumplimiento-2025\/#2_Inspeccion_y_deducciones_fiscales\" >2) Inspecci\u00f3n y deducciones fiscales<\/a><\/li><li class='ez-toc-page-1 ez-toc-heading-level-3'><a class=\"ez-toc-link ez-toc-heading-11\" href=\"https:\/\/mymasesoriaygestion.com\/index.php\/2025\/10\/23\/verifactu-sanciones-incumplimiento-2025\/#3_Reputacion_y_competitividad\" >3) Reputaci\u00f3n y competitividad<\/a><\/li><\/ul><\/li><li class='ez-toc-page-1 ez-toc-heading-level-2'><a class=\"ez-toc-link ez-toc-heading-12\" href=\"https:\/\/mymasesoriaygestion.com\/index.php\/2025\/10\/23\/verifactu-sanciones-incumplimiento-2025\/#Checklist_de_cumplimiento_inmediato_checklist\" >Checklist de cumplimiento inmediato {#checklist}<\/a><\/li><li class='ez-toc-page-1 ez-toc-heading-level-2'><a class=\"ez-toc-link ez-toc-heading-13\" href=\"https:\/\/mymasesoriaygestion.com\/index.php\/2025\/10\/23\/verifactu-sanciones-incumplimiento-2025\/#Conclusion\" >Conclusi\u00f3n<\/a><\/li><li class='ez-toc-page-1 ez-toc-heading-level-2'><a class=\"ez-toc-link ez-toc-heading-14\" href=\"https:\/\/mymasesoriaygestion.com\/index.php\/2025\/10\/23\/verifactu-sanciones-incumplimiento-2025\/#Contenido_relacionado\" >Contenido relacionado<\/a><\/li><\/ul><\/nav><\/div>\n<h2 class=\"wp-block-heading\"><span class=\"ez-toc-section\" id=\"Escenarios_de_incumplimiento_de_Verifactu_escenarios\"><\/span>Escenarios de incumplimiento de Verifactu {#escenarios}<span class=\"ez-toc-section-end\"><\/span><\/h2>\n\n\n\n<p>La norma distingue, en la pr\u00e1ctica, entre <strong>errores t\u00e9cnicos<\/strong> y <strong>incumplimiento deliberado<\/strong>. Ambos pueden ser sancionables.<\/p>\n\n\n\n<h3 class=\"wp-block-heading\"><span class=\"ez-toc-section\" id=\"Errores_o_incidencias_tecnicas_subsanables\"><\/span>Errores o incidencias t\u00e9cnicas (subsanables)<span class=\"ez-toc-section-end\"><\/span><\/h3>\n\n\n\n<ul class=\"wp-block-list\">\n<li>Fallos del software o versiones obsoletas.<\/li>\n\n\n\n<li>Problemas de conectividad (sin plan offline ni reenv\u00edo diferido).<\/li>\n\n\n\n<li>Errores en numeraci\u00f3n, conservaci\u00f3n o emisi\u00f3n.<\/li>\n\n\n\n<li>Retrasos en el env\u00edo en modalidad <strong>Verifactu<\/strong>.<\/li>\n\n\n\n<li>Llevanza defectuosa del <strong>registro de facturaci\u00f3n<\/strong> o del <strong>registro de eventos<\/strong>.<\/li>\n<\/ul>\n\n\n\n<h3 class=\"wp-block-heading\"><span class=\"ez-toc-section\" id=\"Incumplimiento_deliberado_grave\"><\/span>Incumplimiento deliberado (grave)<span class=\"ez-toc-section-end\"><\/span><\/h3>\n\n\n\n<ul class=\"wp-block-list\">\n<li>No implantar un sistema adaptado a Verifactu.<\/li>\n\n\n\n<li>Manipular\/alterar registros o usar <strong>software de doble uso<\/strong>.<\/li>\n\n\n\n<li>No enviar registros a la AEAT en modalidad <strong>Verifactu<\/strong> o no atender requerimientos.<\/li>\n\n\n\n<li>Emitir facturas con <strong>datos falsos<\/strong>.<\/li>\n<\/ul>\n\n\n\n<p><strong>Importante:<\/strong> La sanci\u00f3n puede imponerse <strong>aunque no haya intenci\u00f3n dolosa<\/strong>; basta con que el sistema <strong>brinde oportunidad de fraude<\/strong> o no cumpla requisitos m\u00ednimos.<\/p>\n\n\n\n<h2 class=\"wp-block-heading\"><span class=\"ez-toc-section\" id=\"%C2%BFQuien_es_responsable_la_empresa_o_el_fabricante_responsables\"><\/span>\u00bfQui\u00e9n es responsable: la empresa o el fabricante? {#responsables}<span class=\"ez-toc-section-end\"><\/span><\/h2>\n\n\n\n<h3 class=\"wp-block-heading\"><span class=\"ez-toc-section\" id=\"Responsabilidad_del_fabricantecomercializador\"><\/span>Responsabilidad del <strong>fabricante\/comercializador<\/strong><span class=\"ez-toc-section-end\"><\/span><\/h3>\n\n\n\n<ul class=\"wp-block-list\">\n<li>Debe emitir y mostrar una <strong>declaraci\u00f3n responsable<\/strong> que acredite que su software cumple el <strong>RD 1007\/2023<\/strong>.<\/li>\n\n\n\n<li>Si el incumplimiento deriva de <strong>defectos del software<\/strong>, la responsabilidad recae en el <strong>fabricante<\/strong>.<\/li>\n<\/ul>\n\n\n\n<h3 class=\"wp-block-heading\"><span class=\"ez-toc-section\" id=\"Responsabilidad_de_la_empresa_usuaria\"><\/span>Responsabilidad de la <strong>empresa usuaria<\/strong><span class=\"ez-toc-section-end\"><\/span><\/h3>\n\n\n\n<ul class=\"wp-block-list\">\n<li>Debe <strong>elegir<\/strong> un software conforme y <strong>usar<\/strong> el sistema correctamente.<\/li>\n\n\n\n<li>Debe <strong>conservar<\/strong> registros, mantener el <strong>registro de eventos<\/strong>, actualizar versiones y atender requerimientos.<\/li>\n\n\n\n<li>Si usa herramientas no conformes (p. ej., facturar \u201ccon Excel\u201d como sistema principal), <strong>responde<\/strong> la empresa.<\/li>\n<\/ul>\n\n\n\n<h2 class=\"wp-block-heading\"><span class=\"ez-toc-section\" id=\"Sanciones_por_no_cumplir_con_Verifactu_sanciones\"><\/span>Sanciones por no cumplir con Verifactu {#sanciones}<span class=\"ez-toc-section-end\"><\/span><\/h2>\n\n\n\n<p>A t\u00edtulo orientativo (s\u00edntesis de los supuestos m\u00e1s habituales):<\/p>\n\n\n\n<figure class=\"wp-block-table\"><table class=\"has-fixed-layout\"><thead><tr><th>Incumplimiento<\/th><th>Sanci\u00f3n econ\u00f3mica (referencia t\u00edpica)<\/th><th>Responsable<\/th><th>\u00bfAcumulable por ejercicio\/tipo?<\/th><\/tr><\/thead><tbody><tr><td><strong>No adaptar el sistema a Verifactu<\/strong><\/td><td><strong>150.000 \u20ac<\/strong> por ejercicio y <strong>tipo de sistema<\/strong><\/td><td>Fabricante<\/td><td>S\u00ed<\/td><\/tr><tr><td><strong>Software comercializado sin declaraci\u00f3n responsable<\/strong><\/td><td><strong>1.000 \u20ac<\/strong> por sistema<\/td><td>Fabricante<\/td><td>S\u00ed<\/td><\/tr><tr><td><strong>Tenencia o uso de software no conforme\/alterado<\/strong><\/td><td><strong>Hasta 50.000 \u20ac<\/strong> por ejercicio<\/td><td>Empresa<\/td><td>S\u00ed<\/td><\/tr><tr><td><strong>Facturas con datos falsos \/ software de doble uso<\/strong><\/td><td><strong>Hasta 75%<\/strong> del importe de las operaciones (infracci\u00f3n grave de facturaci\u00f3n)<\/td><td>Empresa<\/td><td>S\u00ed<\/td><\/tr><tr><td><strong>Errores formales en facturaci\u00f3n<\/strong> (numeraci\u00f3n, datos, etc.)<\/td><td><strong>\u2248 1%<\/strong> del importe de las operaciones (criterio habitual en infracciones formales)<\/td><td>Empresa<\/td><td>S\u00ed<\/td><\/tr><tr><td><strong>No expedici\u00f3n o conservaci\u00f3n de facturas<\/strong><\/td><td><strong>\u2248 2%<\/strong> del importe o <strong>\u2265 300 \u20ac<\/strong> por operaci\u00f3n<\/td><td>Empresa<\/td><td>S\u00ed<\/td><\/tr><\/tbody><\/table><\/figure>\n\n\n\n<p>Nota: Las cuant\u00edas y porcentajes dependen del <strong>tipo de infracci\u00f3n<\/strong> y del criterio inspector aplicable (LGT y reglamentos). Adem\u00e1s, pueden coexistir <strong>sanciones tributarias generales<\/strong> (art. 201 LGT) con las <strong>espec\u00edficas sobre software<\/strong> (art. 201 bis LGT).<\/p>\n\n\n\n<h2 class=\"wp-block-heading\"><span class=\"ez-toc-section\" id=\"Riesgos_adicionales_mas_alla_de_la_multa_riesgos\"><\/span>Riesgos adicionales (m\u00e1s all\u00e1 de la multa) {#riesgos}<span class=\"ez-toc-section-end\"><\/span><\/h2>\n\n\n\n<h3 class=\"wp-block-heading\"><span class=\"ez-toc-section\" id=\"1_Tesoreria_y_clientes\"><\/span>1) Tesorer\u00eda y clientes<span class=\"ez-toc-section-end\"><\/span><\/h3>\n\n\n\n<ul class=\"wp-block-list\">\n<li><strong>Rechazo de facturas<\/strong> (especialmente sector p\u00fablico y grandes empresas) si no pueden validar integridad.<\/li>\n\n\n\n<li><strong>Retrasos en cobros<\/strong> y p\u00e9rdida de confianza frente a proveedores y partners.<\/li>\n<\/ul>\n\n\n\n<h3 class=\"wp-block-heading\"><span class=\"ez-toc-section\" id=\"2_Inspeccion_y_deducciones_fiscales\"><\/span>2) Inspecci\u00f3n y deducciones fiscales<span class=\"ez-toc-section-end\"><\/span><\/h3>\n\n\n\n<ul class=\"wp-block-list\">\n<li>En inspecci\u00f3n, la AEAT puede <strong>invalidar facturas<\/strong> sin controles exigidos.<\/li>\n\n\n\n<li>Riesgo en <strong>deducci\u00f3n de gastos<\/strong> e <strong>IVA soportado<\/strong>.<\/li>\n\n\n\n<li>Debes poder generar <strong>copias legibles<\/strong> y trazables en <strong>\u2264 72 horas<\/strong> ante requerimiento.<\/li>\n<\/ul>\n\n\n\n<h3 class=\"wp-block-heading\"><span class=\"ez-toc-section\" id=\"3_Reputacion_y_competitividad\"><\/span>3) Reputaci\u00f3n y competitividad<span class=\"ez-toc-section-end\"><\/span><\/h3>\n\n\n\n<ul class=\"wp-block-list\">\n<li>Imagen de <strong>incumplimiento normativo<\/strong>.<\/li>\n\n\n\n<li>Dificultades en <strong>licitaciones<\/strong> y p\u00e9rdida de oportunidades.<\/li>\n\n\n\n<li>Impacto en la <strong>sostenibilidad<\/strong> del negocio a medio plazo.<\/li>\n<\/ul>\n\n\n\n<h2 class=\"wp-block-heading\"><span class=\"ez-toc-section\" id=\"Checklist_de_cumplimiento_inmediato_checklist\"><\/span>Checklist de cumplimiento inmediato {#checklist}<span class=\"ez-toc-section-end\"><\/span><\/h2>\n\n\n\n<ol class=\"wp-block-list\">\n<li><strong>Verifica tu software<\/strong><\/li>\n<\/ol>\n\n\n\n<ul class=\"wp-block-list\">\n<li>Solicita y archiva la <strong>declaraci\u00f3n responsable<\/strong> (fabricante, versi\u00f3n, fecha).<\/li>\n\n\n\n<li>Revisa <strong>registro de eventos<\/strong>, <strong>huella hash<\/strong>, <strong>bloqueos<\/strong> anti-manipulaci\u00f3n.<\/li>\n<\/ul>\n\n\n\n<ol start=\"2\" class=\"wp-block-list\">\n<li><strong>Define modalidad<\/strong><\/li>\n<\/ol>\n\n\n\n<ul class=\"wp-block-list\">\n<li><strong>Verifactu<\/strong> (env\u00edo inmediato) o <strong>No Verifactu<\/strong> (custodia interna con firma y eventos).<\/li>\n\n\n\n<li>Si tienes mala conectividad, activa <strong>modo offline<\/strong> con <strong>sincronizaci\u00f3n diferida<\/strong>.<\/li>\n<\/ul>\n\n\n\n<ol start=\"3\" class=\"wp-block-list\">\n<li><strong>Procedimientos internos<\/strong><\/li>\n<\/ol>\n\n\n\n<ul class=\"wp-block-list\">\n<li>Pol\u00edtica de <strong>versionado y actualizaciones<\/strong>.<\/li>\n\n\n\n<li>Flujo de <strong>numeraci\u00f3n<\/strong> y <strong>anulaciones<\/strong>.<\/li>\n\n\n\n<li>Protocolo de <strong>contingencias<\/strong> (ca\u00eddas AEAT, fallos, reintentos, logs).<\/li>\n<\/ul>\n\n\n\n<ol start=\"4\" class=\"wp-block-list\">\n<li><strong>Formaci\u00f3n y control<\/strong><\/li>\n<\/ol>\n\n\n\n<ul class=\"wp-block-list\">\n<li>Manual interno de uso del sistema.<\/li>\n\n\n\n<li>Revisi\u00f3n mensual de <strong>incidencias<\/strong> y <strong>env\u00edos<\/strong>.<\/li>\n\n\n\n<li>Auditor\u00eda trimestral de <strong>registros y eventos<\/strong>.<\/li>\n<\/ul>\n\n\n\n<ol start=\"5\" class=\"wp-block-list\">\n<li><strong>Pruebas y evidencia<\/strong><\/li>\n<\/ol>\n\n\n\n<ul class=\"wp-block-list\">\n<li>Emite facturas de prueba, valida <strong>QR<\/strong> y verificaci\u00f3n en sede (si Verifactu).<\/li>\n\n\n\n<li>Ensayo de <strong>exportaci\u00f3n<\/strong> y <strong>entrega en 72 h<\/strong> ante un requerimiento simulado.<\/li>\n<\/ul>\n\n\n\n<h2 class=\"wp-block-heading\"><span class=\"ez-toc-section\" id=\"Conclusion\"><\/span>Conclusi\u00f3n<span class=\"ez-toc-section-end\"><\/span><\/h2>\n\n\n\n<p><strong>Adaptarte a Verifactu no es opcional.<\/strong><br>Con un software conforme, procedimientos claros y formaci\u00f3n b\u00e1sica al equipo, <strong>minimizas sanciones<\/strong>, pasas inspecciones con tranquilidad y mejoras la <strong>confianza<\/strong> de tus clientes.<\/p>\n\n\n\n<p>En <strong>M&amp;M Asesor\u00eda y Gesti\u00f3n<\/strong> te ayudamos a <strong>diagnosticar tu estado<\/strong>, elegir <strong>modalidad<\/strong>, validar tu <strong>software<\/strong> y <strong>operativa<\/strong> para llegar a 2026 con todo en regla.<\/p>\n\n\n\n<p>Puedes contactar con nosotros <a href=\"https:\/\/mymasesoriaygestion.com\/index.php\/contacto\/\" target=\"_blank\" rel=\"noreferrer noopener nofollow\">AQU\u00cd<\/a>, y te asesoraremos<\/p>\n\n\n\n<hr class=\"wp-block-separator has-alpha-channel-opacity\"\/>\n\n\n\n<h2 class=\"wp-block-heading\"><span class=\"ez-toc-section\" id=\"Contenido_relacionado\"><\/span>Contenido relacionado<span class=\"ez-toc-section-end\"><\/span><\/h2>\n\n\n<ul class=\"wp-block-latest-posts__list is-grid columns-3 wp-block-latest-posts\"><li><a class=\"wp-block-latest-posts__post-title\" href=\"https:\/\/mymasesoriaygestion.com\/index.php\/2025\/10\/23\/verifactu-2025-2026-guia-definitiva\/\">Verifactu 2025-2026: La Gu\u00eda Definitiva para Cumplir con la Nueva Obligaci\u00f3n de Facturaci\u00f3n<\/a><\/li>\n<li><a class=\"wp-block-latest-posts__post-title\" href=\"https:\/\/mymasesoriaygestion.com\/index.php\/2025\/10\/23\/verifactu-sanciones-incumplimiento-2025\/\">Sanciones por no cumplir con Verifactu: gu\u00eda pr\u00e1ctica 2025 para aut\u00f3nomos y pymes<\/a><\/li>\n<li><a class=\"wp-block-latest-posts__post-title\" href=\"https:\/\/mymasesoriaygestion.com\/index.php\/2025\/10\/23\/modalidades-verifactu-2025-verificable-no-verificable\/\">Modalidades del sistema Verifactu: Verificable y No Verificable (Gu\u00eda 2025 para aut\u00f3nomos y pymes)<\/a><\/li>\n<li><a class=\"wp-block-latest-posts__post-title\" href=\"https:\/\/mymasesoriaygestion.com\/index.php\/2025\/10\/23\/glosario-verifactu-2025-terminos-clave\/\">Glosario Verifactu: conceptos clave que toda empresa y aut\u00f3nomo debe conocer<\/a><\/li>\n<li><a class=\"wp-block-latest-posts__post-title\" href=\"https:\/\/mymasesoriaygestion.com\/index.php\/2025\/10\/23\/verifactu-2025-guia-completa-autonomos-pymes\/\">Verifactu: Gu\u00eda definitiva para aut\u00f3nomos y pymes en Espa\u00f1a y Canarias<\/a><\/li>\n<\/ul>\n\n\n<p><\/p>\n","protected":false},"excerpt":{"rendered":"<p>Actualizado a octubre de 2025 Verifactu no es solo \u201cun nuevo programa de facturaci\u00f3n\u201d. Es una obligaci\u00f3n legal que garantiza integridad, trazabilidad e inalterabilidad de los registros de facturaci\u00f3n. Nace de la Ley Antifraude 11\/2021 y se desarrolla en el Real Decreto 1007\/2023 (RRSIF), con implantaci\u00f3n progresiva entre julio de 2025 y julio de 2026.Si [&hellip;]<\/p>\n","protected":false},"author":3,"featured_media":0,"comment_status":"open","ping_status":"open","sticky":false,"template":"","format":"standard","meta":{"footnotes":""},"categories":[17],"tags":[56,55,52],"class_list":["post-288","post","type-post","status-publish","format-standard","hentry","category-noticias","tag-incumplimiento","tag-sancion","tag-verifactu"],"yoast_head":"<!-- This site is optimized with the Yoast SEO plugin v27.1.1 - https:\/\/yoast.com\/product\/yoast-seo-wordpress\/ -->\n<title>Sanciones por no cumplir con Verifactu: gu\u00eda pr\u00e1ctica 2025 para aut\u00f3nomos y pymes - M&amp;M Asesor&iacute;a y Gestion<\/title>\n<meta name=\"description\" content=\"Descubre las sanciones por no cumplir con Verifactu y c\u00f3mo evitarlas. Gu\u00eda 2025 con escenarios, multas, responsabilidades y checklist de cumplimiento.\" \/>\n<meta name=\"robots\" content=\"index, follow, max-snippet:-1, max-image-preview:large, max-video-preview:-1\" \/>\n<link rel=\"canonical\" href=\"https:\/\/mymasesoriaygestion.com\/index.php\/2025\/10\/23\/verifactu-sanciones-incumplimiento-2025\/\" \/>\n<meta property=\"og:locale\" content=\"es_ES\" \/>\n<meta property=\"og:type\" content=\"article\" \/>\n<meta property=\"og:title\" content=\"Sanciones por no cumplir con Verifactu: gu\u00eda pr\u00e1ctica 2025 para aut\u00f3nomos y pymes - M&amp;M Asesor&iacute;a y Gestion\" \/>\n<meta property=\"og:description\" content=\"Descubre las sanciones por no cumplir con Verifactu y c\u00f3mo evitarlas. Gu\u00eda 2025 con escenarios, multas, responsabilidades y checklist de cumplimiento.\" \/>\n<meta property=\"og:url\" content=\"https:\/\/mymasesoriaygestion.com\/index.php\/2025\/10\/23\/verifactu-sanciones-incumplimiento-2025\/\" \/>\n<meta property=\"og:site_name\" content=\"M&amp;M Asesor&iacute;a y Gestion\" \/>\n<meta property=\"article:published_time\" content=\"2025-10-23T19:53:14+00:00\" \/>\n<meta property=\"article:modified_time\" content=\"2025-10-23T19:53:15+00:00\" \/>\n<meta property=\"og:image\" content=\"https:\/\/mymasesoriaygestion.com\/wp-content\/uploads\/2025\/10\/verifactu-1.png\" \/>\n\t<meta property=\"og:image:width\" content=\"1920\" \/>\n\t<meta property=\"og:image:height\" content=\"1080\" \/>\n\t<meta property=\"og:image:type\" content=\"image\/png\" \/>\n<meta name=\"author\" content=\"Macarena Hern\u00e1ndez\" \/>\n<meta name=\"twitter:card\" content=\"summary_large_image\" \/>\n<meta name=\"twitter:label1\" content=\"Escrito por\" \/>\n\t<meta name=\"twitter:data1\" content=\"Macarena Hern\u00e1ndez\" \/>\n\t<meta name=\"twitter:label2\" content=\"Tiempo de lectura\" \/>\n\t<meta name=\"twitter:data2\" content=\"4 minutos\" \/>\n<script type=\"application\/ld+json\" class=\"yoast-schema-graph\">{\"@context\":\"https:\/\/schema.org\",\"@graph\":[{\"@type\":\"Article\",\"@id\":\"https:\/\/mymasesoriaygestion.com\/index.php\/2025\/10\/23\/verifactu-sanciones-incumplimiento-2025\/#article\",\"isPartOf\":{\"@id\":\"https:\/\/mymasesoriaygestion.com\/index.php\/2025\/10\/23\/verifactu-sanciones-incumplimiento-2025\/\"},\"author\":{\"name\":\"Macarena Hern\u00e1ndez\",\"@id\":\"https:\/\/mymasesoriaygestion.com\/#\/schema\/person\/3e0ca6b0f70f5fe7a258cc1fdc023a82\"},\"headline\":\"Sanciones por no cumplir con Verifactu: gu\u00eda pr\u00e1ctica 2025 para aut\u00f3nomos y pymes\",\"datePublished\":\"2025-10-23T19:53:14+00:00\",\"dateModified\":\"2025-10-23T19:53:15+00:00\",\"mainEntityOfPage\":{\"@id\":\"https:\/\/mymasesoriaygestion.com\/index.php\/2025\/10\/23\/verifactu-sanciones-incumplimiento-2025\/\"},\"wordCount\":822,\"commentCount\":0,\"publisher\":{\"@id\":\"https:\/\/mymasesoriaygestion.com\/#organization\"},\"image\":{\"@id\":\"https:\/\/mymasesoriaygestion.com\/index.php\/2025\/10\/23\/verifactu-sanciones-incumplimiento-2025\/#primaryimage\"},\"thumbnailUrl\":\"https:\/\/mymasesoriaygestion.com\/wp-content\/uploads\/2025\/10\/verifactu-1-1024x576.png\",\"keywords\":[\"incumplimiento\",\"sanci\u00f3n\",\"Verifactu\"],\"articleSection\":[\"Noticias\"],\"inLanguage\":\"es\",\"potentialAction\":[{\"@type\":\"CommentAction\",\"name\":\"Comment\",\"target\":[\"https:\/\/mymasesoriaygestion.com\/index.php\/2025\/10\/23\/verifactu-sanciones-incumplimiento-2025\/#respond\"]}]},{\"@type\":\"WebPage\",\"@id\":\"https:\/\/mymasesoriaygestion.com\/index.php\/2025\/10\/23\/verifactu-sanciones-incumplimiento-2025\/\",\"url\":\"https:\/\/mymasesoriaygestion.com\/index.php\/2025\/10\/23\/verifactu-sanciones-incumplimiento-2025\/\",\"name\":\"Sanciones por no cumplir con Verifactu: gu\u00eda pr\u00e1ctica 2025 para aut\u00f3nomos y pymes - M&amp;M Asesor&iacute;a y Gestion\",\"isPartOf\":{\"@id\":\"https:\/\/mymasesoriaygestion.com\/#website\"},\"primaryImageOfPage\":{\"@id\":\"https:\/\/mymasesoriaygestion.com\/index.php\/2025\/10\/23\/verifactu-sanciones-incumplimiento-2025\/#primaryimage\"},\"image\":{\"@id\":\"https:\/\/mymasesoriaygestion.com\/index.php\/2025\/10\/23\/verifactu-sanciones-incumplimiento-2025\/#primaryimage\"},\"thumbnailUrl\":\"https:\/\/mymasesoriaygestion.com\/wp-content\/uploads\/2025\/10\/verifactu-1-1024x576.png\",\"datePublished\":\"2025-10-23T19:53:14+00:00\",\"dateModified\":\"2025-10-23T19:53:15+00:00\",\"description\":\"Descubre las sanciones por no cumplir con Verifactu y c\u00f3mo evitarlas. Gu\u00eda 2025 con escenarios, multas, responsabilidades y checklist de cumplimiento.\",\"breadcrumb\":{\"@id\":\"https:\/\/mymasesoriaygestion.com\/index.php\/2025\/10\/23\/verifactu-sanciones-incumplimiento-2025\/#breadcrumb\"},\"inLanguage\":\"es\",\"potentialAction\":[{\"@type\":\"ReadAction\",\"target\":[\"https:\/\/mymasesoriaygestion.com\/index.php\/2025\/10\/23\/verifactu-sanciones-incumplimiento-2025\/\"]}]},{\"@type\":\"ImageObject\",\"inLanguage\":\"es\",\"@id\":\"https:\/\/mymasesoriaygestion.com\/index.php\/2025\/10\/23\/verifactu-sanciones-incumplimiento-2025\/#primaryimage\",\"url\":\"https:\/\/mymasesoriaygestion.com\/wp-content\/uploads\/2025\/10\/verifactu-1.png\",\"contentUrl\":\"https:\/\/mymasesoriaygestion.com\/wp-content\/uploads\/2025\/10\/verifactu-1.png\",\"width\":1920,\"height\":1080},{\"@type\":\"BreadcrumbList\",\"@id\":\"https:\/\/mymasesoriaygestion.com\/index.php\/2025\/10\/23\/verifactu-sanciones-incumplimiento-2025\/#breadcrumb\",\"itemListElement\":[{\"@type\":\"ListItem\",\"position\":1,\"name\":\"Portada\",\"item\":\"https:\/\/mymasesoriaygestion.com\/\"},{\"@type\":\"ListItem\",\"position\":2,\"name\":\"Sanciones por no cumplir con Verifactu: gu\u00eda pr\u00e1ctica 2025 para aut\u00f3nomos y pymes\"}]},{\"@type\":\"WebSite\",\"@id\":\"https:\/\/mymasesoriaygestion.com\/#website\",\"url\":\"https:\/\/mymasesoriaygestion.com\/\",\"name\":\"M&amp;M Asesor&iacute;a y Gestion\",\"description\":\"Asesorando al mundo desde Tenerife\",\"publisher\":{\"@id\":\"https:\/\/mymasesoriaygestion.com\/#organization\"},\"potentialAction\":[{\"@type\":\"SearchAction\",\"target\":{\"@type\":\"EntryPoint\",\"urlTemplate\":\"https:\/\/mymasesoriaygestion.com\/?s={search_term_string}\"},\"query-input\":{\"@type\":\"PropertyValueSpecification\",\"valueRequired\":true,\"valueName\":\"search_term_string\"}}],\"inLanguage\":\"es\"},{\"@type\":\"Organization\",\"@id\":\"https:\/\/mymasesoriaygestion.com\/#organization\",\"name\":\"M&amp;M Asesor&iacute;a y Gestion\",\"url\":\"https:\/\/mymasesoriaygestion.com\/\",\"logo\":{\"@type\":\"ImageObject\",\"inLanguage\":\"es\",\"@id\":\"https:\/\/mymasesoriaygestion.com\/#\/schema\/logo\/image\/\",\"url\":\"https:\/\/mymasesoriaygestion.com\/wp-content\/uploads\/2021\/06\/cropped-cropped-logo_MyM.png\",\"contentUrl\":\"https:\/\/mymasesoriaygestion.com\/wp-content\/uploads\/2021\/06\/cropped-cropped-logo_MyM.png\",\"width\":512,\"height\":404,\"caption\":\"M&amp;M Asesor&iacute;a y Gestion\"},\"image\":{\"@id\":\"https:\/\/mymasesoriaygestion.com\/#\/schema\/logo\/image\/\"}},{\"@type\":\"Person\",\"@id\":\"https:\/\/mymasesoriaygestion.com\/#\/schema\/person\/3e0ca6b0f70f5fe7a258cc1fdc023a82\",\"name\":\"Macarena Hern\u00e1ndez\",\"image\":{\"@type\":\"ImageObject\",\"inLanguage\":\"es\",\"@id\":\"https:\/\/mymasesoriaygestion.com\/#\/schema\/person\/image\/\",\"url\":\"https:\/\/secure.gravatar.com\/avatar\/828c134550e1af2bcb6b6a0b41954c684cacd523957bddc8a82a07ce73ab3eff?s=96&d=mm&r=g\",\"contentUrl\":\"https:\/\/secure.gravatar.com\/avatar\/828c134550e1af2bcb6b6a0b41954c684cacd523957bddc8a82a07ce73ab3eff?s=96&d=mm&r=g\",\"caption\":\"Macarena Hern\u00e1ndez\"},\"url\":\"https:\/\/mymasesoriaygestion.com\/index.php\/author\/mymasesoria\/\"}]}<\/script>\n<!-- \/ Yoast SEO plugin. -->","yoast_head_json":{"title":"Sanciones por no cumplir con Verifactu: gu\u00eda pr\u00e1ctica 2025 para aut\u00f3nomos y pymes - M&amp;M Asesor&iacute;a y Gestion","description":"Descubre las sanciones por no cumplir con Verifactu y c\u00f3mo evitarlas. Gu\u00eda 2025 con escenarios, multas, responsabilidades y checklist de cumplimiento.","robots":{"index":"index","follow":"follow","max-snippet":"max-snippet:-1","max-image-preview":"max-image-preview:large","max-video-preview":"max-video-preview:-1"},"canonical":"https:\/\/mymasesoriaygestion.com\/index.php\/2025\/10\/23\/verifactu-sanciones-incumplimiento-2025\/","og_locale":"es_ES","og_type":"article","og_title":"Sanciones por no cumplir con Verifactu: gu\u00eda pr\u00e1ctica 2025 para aut\u00f3nomos y pymes - M&amp;M Asesor&iacute;a y Gestion","og_description":"Descubre las sanciones por no cumplir con Verifactu y c\u00f3mo evitarlas. Gu\u00eda 2025 con escenarios, multas, responsabilidades y checklist de cumplimiento.","og_url":"https:\/\/mymasesoriaygestion.com\/index.php\/2025\/10\/23\/verifactu-sanciones-incumplimiento-2025\/","og_site_name":"M&amp;M Asesor&iacute;a y Gestion","article_published_time":"2025-10-23T19:53:14+00:00","article_modified_time":"2025-10-23T19:53:15+00:00","og_image":[{"width":1920,"height":1080,"url":"https:\/\/mymasesoriaygestion.com\/wp-content\/uploads\/2025\/10\/verifactu-1.png","type":"image\/png"}],"author":"Macarena Hern\u00e1ndez","twitter_card":"summary_large_image","twitter_misc":{"Escrito por":"Macarena Hern\u00e1ndez","Tiempo de lectura":"4 minutos"},"schema":{"@context":"https:\/\/schema.org","@graph":[{"@type":"Article","@id":"https:\/\/mymasesoriaygestion.com\/index.php\/2025\/10\/23\/verifactu-sanciones-incumplimiento-2025\/#article","isPartOf":{"@id":"https:\/\/mymasesoriaygestion.com\/index.php\/2025\/10\/23\/verifactu-sanciones-incumplimiento-2025\/"},"author":{"name":"Macarena Hern\u00e1ndez","@id":"https:\/\/mymasesoriaygestion.com\/#\/schema\/person\/3e0ca6b0f70f5fe7a258cc1fdc023a82"},"headline":"Sanciones por no cumplir con Verifactu: gu\u00eda pr\u00e1ctica 2025 para aut\u00f3nomos y pymes","datePublished":"2025-10-23T19:53:14+00:00","dateModified":"2025-10-23T19:53:15+00:00","mainEntityOfPage":{"@id":"https:\/\/mymasesoriaygestion.com\/index.php\/2025\/10\/23\/verifactu-sanciones-incumplimiento-2025\/"},"wordCount":822,"commentCount":0,"publisher":{"@id":"https:\/\/mymasesoriaygestion.com\/#organization"},"image":{"@id":"https:\/\/mymasesoriaygestion.com\/index.php\/2025\/10\/23\/verifactu-sanciones-incumplimiento-2025\/#primaryimage"},"thumbnailUrl":"https:\/\/mymasesoriaygestion.com\/wp-content\/uploads\/2025\/10\/verifactu-1-1024x576.png","keywords":["incumplimiento","sanci\u00f3n","Verifactu"],"articleSection":["Noticias"],"inLanguage":"es","potentialAction":[{"@type":"CommentAction","name":"Comment","target":["https:\/\/mymasesoriaygestion.com\/index.php\/2025\/10\/23\/verifactu-sanciones-incumplimiento-2025\/#respond"]}]},{"@type":"WebPage","@id":"https:\/\/mymasesoriaygestion.com\/index.php\/2025\/10\/23\/verifactu-sanciones-incumplimiento-2025\/","url":"https:\/\/mymasesoriaygestion.com\/index.php\/2025\/10\/23\/verifactu-sanciones-incumplimiento-2025\/","name":"Sanciones por no cumplir con Verifactu: gu\u00eda pr\u00e1ctica 2025 para aut\u00f3nomos y pymes - M&amp;M Asesor&iacute;a y Gestion","isPartOf":{"@id":"https:\/\/mymasesoriaygestion.com\/#website"},"primaryImageOfPage":{"@id":"https:\/\/mymasesoriaygestion.com\/index.php\/2025\/10\/23\/verifactu-sanciones-incumplimiento-2025\/#primaryimage"},"image":{"@id":"https:\/\/mymasesoriaygestion.com\/index.php\/2025\/10\/23\/verifactu-sanciones-incumplimiento-2025\/#primaryimage"},"thumbnailUrl":"https:\/\/mymasesoriaygestion.com\/wp-content\/uploads\/2025\/10\/verifactu-1-1024x576.png","datePublished":"2025-10-23T19:53:14+00:00","dateModified":"2025-10-23T19:53:15+00:00","description":"Descubre las sanciones por no cumplir con Verifactu y c\u00f3mo evitarlas. Gu\u00eda 2025 con escenarios, multas, responsabilidades y checklist de cumplimiento.","breadcrumb":{"@id":"https:\/\/mymasesoriaygestion.com\/index.php\/2025\/10\/23\/verifactu-sanciones-incumplimiento-2025\/#breadcrumb"},"inLanguage":"es","potentialAction":[{"@type":"ReadAction","target":["https:\/\/mymasesoriaygestion.com\/index.php\/2025\/10\/23\/verifactu-sanciones-incumplimiento-2025\/"]}]},{"@type":"ImageObject","inLanguage":"es","@id":"https:\/\/mymasesoriaygestion.com\/index.php\/2025\/10\/23\/verifactu-sanciones-incumplimiento-2025\/#primaryimage","url":"https:\/\/mymasesoriaygestion.com\/wp-content\/uploads\/2025\/10\/verifactu-1.png","contentUrl":"https:\/\/mymasesoriaygestion.com\/wp-content\/uploads\/2025\/10\/verifactu-1.png","width":1920,"height":1080},{"@type":"BreadcrumbList","@id":"https:\/\/mymasesoriaygestion.com\/index.php\/2025\/10\/23\/verifactu-sanciones-incumplimiento-2025\/#breadcrumb","itemListElement":[{"@type":"ListItem","position":1,"name":"Portada","item":"https:\/\/mymasesoriaygestion.com\/"},{"@type":"ListItem","position":2,"name":"Sanciones por no cumplir con Verifactu: gu\u00eda pr\u00e1ctica 2025 para aut\u00f3nomos y pymes"}]},{"@type":"WebSite","@id":"https:\/\/mymasesoriaygestion.com\/#website","url":"https:\/\/mymasesoriaygestion.com\/","name":"M&amp;M Asesor&iacute;a y Gestion","description":"Asesorando al mundo desde Tenerife","publisher":{"@id":"https:\/\/mymasesoriaygestion.com\/#organization"},"potentialAction":[{"@type":"SearchAction","target":{"@type":"EntryPoint","urlTemplate":"https:\/\/mymasesoriaygestion.com\/?s={search_term_string}"},"query-input":{"@type":"PropertyValueSpecification","valueRequired":true,"valueName":"search_term_string"}}],"inLanguage":"es"},{"@type":"Organization","@id":"https:\/\/mymasesoriaygestion.com\/#organization","name":"M&amp;M Asesor&iacute;a y Gestion","url":"https:\/\/mymasesoriaygestion.com\/","logo":{"@type":"ImageObject","inLanguage":"es","@id":"https:\/\/mymasesoriaygestion.com\/#\/schema\/logo\/image\/","url":"https:\/\/mymasesoriaygestion.com\/wp-content\/uploads\/2021\/06\/cropped-cropped-logo_MyM.png","contentUrl":"https:\/\/mymasesoriaygestion.com\/wp-content\/uploads\/2021\/06\/cropped-cropped-logo_MyM.png","width":512,"height":404,"caption":"M&amp;M Asesor&iacute;a y Gestion"},"image":{"@id":"https:\/\/mymasesoriaygestion.com\/#\/schema\/logo\/image\/"}},{"@type":"Person","@id":"https:\/\/mymasesoriaygestion.com\/#\/schema\/person\/3e0ca6b0f70f5fe7a258cc1fdc023a82","name":"Macarena Hern\u00e1ndez","image":{"@type":"ImageObject","inLanguage":"es","@id":"https:\/\/mymasesoriaygestion.com\/#\/schema\/person\/image\/","url":"https:\/\/secure.gravatar.com\/avatar\/828c134550e1af2bcb6b6a0b41954c684cacd523957bddc8a82a07ce73ab3eff?s=96&d=mm&r=g","contentUrl":"https:\/\/secure.gravatar.com\/avatar\/828c134550e1af2bcb6b6a0b41954c684cacd523957bddc8a82a07ce73ab3eff?s=96&d=mm&r=g","caption":"Macarena Hern\u00e1ndez"},"url":"https:\/\/mymasesoriaygestion.com\/index.php\/author\/mymasesoria\/"}]}},"_links":{"self":[{"href":"https:\/\/mymasesoriaygestion.com\/index.php\/wp-json\/wp\/v2\/posts\/288","targetHints":{"allow":["GET"]}}],"collection":[{"href":"https:\/\/mymasesoriaygestion.com\/index.php\/wp-json\/wp\/v2\/posts"}],"about":[{"href":"https:\/\/mymasesoriaygestion.com\/index.php\/wp-json\/wp\/v2\/types\/post"}],"author":[{"embeddable":true,"href":"https:\/\/mymasesoriaygestion.com\/index.php\/wp-json\/wp\/v2\/users\/3"}],"replies":[{"embeddable":true,"href":"https:\/\/mymasesoriaygestion.com\/index.php\/wp-json\/wp\/v2\/comments?post=288"}],"version-history":[{"count":1,"href":"https:\/\/mymasesoriaygestion.com\/index.php\/wp-json\/wp\/v2\/posts\/288\/revisions"}],"predecessor-version":[{"id":290,"href":"https:\/\/mymasesoriaygestion.com\/index.php\/wp-json\/wp\/v2\/posts\/288\/revisions\/290"}],"wp:attachment":[{"href":"https:\/\/mymasesoriaygestion.com\/index.php\/wp-json\/wp\/v2\/media?parent=288"}],"wp:term":[{"taxonomy":"category","embeddable":true,"href":"https:\/\/mymasesoriaygestion.com\/index.php\/wp-json\/wp\/v2\/categories?post=288"},{"taxonomy":"post_tag","embeddable":true,"href":"https:\/\/mymasesoriaygestion.com\/index.php\/wp-json\/wp\/v2\/tags?post=288"}],"curies":[{"name":"wp","href":"https:\/\/api.w.org\/{rel}","templated":true}]}}