{"id":291,"date":"2025-10-23T20:05:42","date_gmt":"2025-10-23T20:05:42","guid":{"rendered":"https:\/\/mymasesoriaygestion.com\/?p=291"},"modified":"2025-11-13T12:26:20","modified_gmt":"2025-11-13T12:26:20","slug":"verifactu-2025-2026-guia-definitiva","status":"publish","type":"post","link":"https:\/\/mymasesoriaygestion.com\/index.php\/2025\/10\/23\/verifactu-2025-2026-guia-definitiva\/","title":{"rendered":"Verifactu 2025-2026: La Gu\u00eda Definitiva para Cumplir con la Nueva Obligaci\u00f3n de Facturaci\u00f3n"},"content":{"rendered":"\n<figure class=\"wp-block-image size-large\"><img loading=\"lazy\" decoding=\"async\" width=\"1024\" height=\"576\" src=\"https:\/\/mymasesoriaygestion.com\/wp-content\/uploads\/2025\/10\/verifactu-2-1024x576.png\" alt=\"\" class=\"wp-image-292\" srcset=\"https:\/\/mymasesoriaygestion.com\/wp-content\/uploads\/2025\/10\/verifactu-2-1024x576.png 1024w, https:\/\/mymasesoriaygestion.com\/wp-content\/uploads\/2025\/10\/verifactu-2-300x169.png 300w, https:\/\/mymasesoriaygestion.com\/wp-content\/uploads\/2025\/10\/verifactu-2-768x432.png 768w, https:\/\/mymasesoriaygestion.com\/wp-content\/uploads\/2025\/10\/verifactu-2-1536x864.png 1536w, https:\/\/mymasesoriaygestion.com\/wp-content\/uploads\/2025\/10\/verifactu-2.png 1920w\" sizes=\"auto, (max-width: 1024px) 100vw, 1024px\" \/><\/figure>\n\n\n\n<p><strong>Actualizado a octubre de 2025<\/strong><\/p>\n\n\n\n<p>A partir de <strong>2026<\/strong>, todas las <strong>empresas, aut\u00f3nomos y entidades no lucrativas<\/strong> deber\u00e1n utilizar un sistema de facturaci\u00f3n adaptado al nuevo <a href=\"https:\/\/www.boe.es\/buscar\/act.php?id=BOE-A-2023-24840\" target=\"_blank\" rel=\"noreferrer noopener nofollow\"><strong>Reglamento Verifactu (RD 1007\/2023)<\/strong>.<\/a><\/p>\n\n\n\n<p>Este reglamento marca un antes y un despu\u00e9s en la forma en que se emiten y registran las facturas en Espa\u00f1a: su objetivo es garantizar la <strong>integridad, trazabilidad y control fiscal<\/strong> de todas las operaciones econ\u00f3micas.<\/p>\n\n\n\n<p>Si eres empresario o profesional, esta gu\u00eda te ayudar\u00e1 a <strong>entender qu\u00e9 es Verifactu, a qui\u00e9n afecta, c\u00f3mo prepararte, qu\u00e9 sanciones existen y qu\u00e9 pasos debes seguir para cumplir sin riesgos.<\/strong><\/p>\n\n\n\n<div id=\"ez-toc-container\" class=\"ez-toc-v2_0_81 counter-hierarchy ez-toc-counter ez-toc-grey ez-toc-container-direction\">\n<div class=\"ez-toc-title-container\">\n<p class=\"ez-toc-title\" style=\"cursor:inherit\">Table of Contents<\/p>\n<span class=\"ez-toc-title-toggle\"><a href=\"#\" class=\"ez-toc-pull-right ez-toc-btn ez-toc-btn-xs ez-toc-btn-default ez-toc-toggle\" aria-label=\"Alternar tabla de contenidos\"><span class=\"ez-toc-js-icon-con\"><span class=\"\"><span class=\"eztoc-hide\" style=\"display:none;\">Toggle<\/span><span class=\"ez-toc-icon-toggle-span\"><svg style=\"fill: #999;color:#999\" xmlns=\"http:\/\/www.w3.org\/2000\/svg\" class=\"list-377408\" width=\"20px\" height=\"20px\" viewBox=\"0 0 24 24\" fill=\"none\"><path d=\"M6 6H4v2h2V6zm14 0H8v2h12V6zM4 11h2v2H4v-2zm16 0H8v2h12v-2zM4 16h2v2H4v-2zm16 0H8v2h12v-2z\" fill=\"currentColor\"><\/path><\/svg><svg style=\"fill: #999;color:#999\" class=\"arrow-unsorted-368013\" xmlns=\"http:\/\/www.w3.org\/2000\/svg\" width=\"10px\" height=\"10px\" viewBox=\"0 0 24 24\" version=\"1.2\" baseProfile=\"tiny\"><path d=\"M18.2 9.3l-6.2-6.3-6.2 6.3c-.2.2-.3.4-.3.7s.1.5.3.7c.2.2.4.3.7.3h11c.3 0 .5-.1.7-.3.2-.2.3-.5.3-.7s-.1-.5-.3-.7zM5.8 14.7l6.2 6.3 6.2-6.3c.2-.2.3-.5.3-.7s-.1-.5-.3-.7c-.2-.2-.4-.3-.7-.3h-11c-.3 0-.5.1-.7.3-.2.2-.3.5-.3.7s.1.5.3.7z\"\/><\/svg><\/span><\/span><\/span><\/a><\/span><\/div>\n<nav><ul class='ez-toc-list ez-toc-list-level-1 ' ><li class='ez-toc-page-1 ez-toc-heading-level-2'><a class=\"ez-toc-link ez-toc-heading-1\" href=\"https:\/\/mymasesoriaygestion.com\/index.php\/2025\/10\/23\/verifactu-2025-2026-guia-definitiva\/#%C2%BFQue_es_Verifactu_y_por_que_se_ha_creado_que-es-verifactu\" >\u00bfQu\u00e9 es Verifactu y por qu\u00e9 se ha creado? {#que-es-verifactu}<\/a><\/li><li class='ez-toc-page-1 ez-toc-heading-level-2'><a class=\"ez-toc-link ez-toc-heading-2\" href=\"https:\/\/mymasesoriaygestion.com\/index.php\/2025\/10\/23\/verifactu-2025-2026-guia-definitiva\/#%C2%BFQuien_esta_obligado_a_cumplir_con_Verifactu_quien-esta-obligado\" >\u00bfQui\u00e9n est\u00e1 obligado a cumplir con Verifactu? {#quien-esta-obligado}<\/a><ul class='ez-toc-list-level-3' ><li class='ez-toc-heading-level-3'><a class=\"ez-toc-link ez-toc-heading-3\" href=\"https:\/\/mymasesoriaygestion.com\/index.php\/2025\/10\/23\/verifactu-2025-2026-guia-definitiva\/#1_Fabricantes_y_comercializadores_de_software\" >1. Fabricantes y comercializadores de software<\/a><\/li><li class='ez-toc-page-1 ez-toc-heading-level-3'><a class=\"ez-toc-link ez-toc-heading-4\" href=\"https:\/\/mymasesoriaygestion.com\/index.php\/2025\/10\/23\/verifactu-2025-2026-guia-definitiva\/#2_Empresas_autonomos_y_entidades_no_lucrativas\" >2. Empresas, aut\u00f3nomos y entidades no lucrativas<\/a><\/li><\/ul><\/li><li class='ez-toc-page-1 ez-toc-heading-level-2'><a class=\"ez-toc-link ez-toc-heading-5\" href=\"https:\/\/mymasesoriaygestion.com\/index.php\/2025\/10\/23\/verifactu-2025-2026-guia-definitiva\/#Ventajas_de_adaptarte_a_Verifactu_ventajas\" >Ventajas de adaptarte a Verifactu {#ventajas}<\/a><ul class='ez-toc-list-level-3' ><li class='ez-toc-heading-level-3'><a class=\"ez-toc-link ez-toc-heading-6\" href=\"https:\/\/mymasesoriaygestion.com\/index.php\/2025\/10\/23\/verifactu-2025-2026-guia-definitiva\/#Beneficios_principales\" >Beneficios principales<\/a><\/li><\/ul><\/li><li class='ez-toc-page-1 ez-toc-heading-level-2'><a class=\"ez-toc-link ez-toc-heading-7\" href=\"https:\/\/mymasesoriaygestion.com\/index.php\/2025\/10\/23\/verifactu-2025-2026-guia-definitiva\/#Sanciones_por_no_cumplir_con_Verifactu_sanciones\" >Sanciones por no cumplir con Verifactu {#sanciones}<\/a><\/li><li class='ez-toc-page-1 ez-toc-heading-level-2'><a class=\"ez-toc-link ez-toc-heading-8\" href=\"https:\/\/mymasesoriaygestion.com\/index.php\/2025\/10\/23\/verifactu-2025-2026-guia-definitiva\/#Como_adaptarte_paso_a_paso_adaptacion\" >C\u00f3mo adaptarte paso a paso {#adaptacion}<\/a><ul class='ez-toc-list-level-3' ><li class='ez-toc-heading-level-3'><a class=\"ez-toc-link ez-toc-heading-9\" href=\"https:\/\/mymasesoriaygestion.com\/index.php\/2025\/10\/23\/verifactu-2025-2026-guia-definitiva\/#1_Audita_tu_software_actual\" >1. Audita tu software actual<\/a><\/li><li class='ez-toc-page-1 ez-toc-heading-level-3'><a class=\"ez-toc-link ez-toc-heading-10\" href=\"https:\/\/mymasesoriaygestion.com\/index.php\/2025\/10\/23\/verifactu-2025-2026-guia-definitiva\/#2_Actualiza_o_sustituye_tu_sistema\" >2. Actualiza o sustituye tu sistema<\/a><\/li><li class='ez-toc-page-1 ez-toc-heading-level-3'><a class=\"ez-toc-link ez-toc-heading-11\" href=\"https:\/\/mymasesoriaygestion.com\/index.php\/2025\/10\/23\/verifactu-2025-2026-guia-definitiva\/#3_Configura_tu_modalidad\" >3. Configura tu modalidad<\/a><\/li><li class='ez-toc-page-1 ez-toc-heading-level-3'><a class=\"ez-toc-link ez-toc-heading-12\" href=\"https:\/\/mymasesoriaygestion.com\/index.php\/2025\/10\/23\/verifactu-2025-2026-guia-definitiva\/#4_Capacita_al_equipo\" >4. Capacita al equipo<\/a><\/li><li class='ez-toc-page-1 ez-toc-heading-level-3'><a class=\"ez-toc-link ez-toc-heading-13\" href=\"https:\/\/mymasesoriaygestion.com\/index.php\/2025\/10\/23\/verifactu-2025-2026-guia-definitiva\/#5_Documenta_tus_procesos\" >5. Documenta tus procesos<\/a><\/li><\/ul><\/li><li class='ez-toc-page-1 ez-toc-heading-level-2'><a class=\"ez-toc-link ez-toc-heading-14\" href=\"https:\/\/mymasesoriaygestion.com\/index.php\/2025\/10\/23\/verifactu-2025-2026-guia-definitiva\/#Consejos_practicos_para_la_transicion_consejos\" >Consejos pr\u00e1cticos para la transici\u00f3n {#consejos}<\/a><\/li><li class='ez-toc-page-1 ez-toc-heading-level-2'><a class=\"ez-toc-link ez-toc-heading-15\" href=\"https:\/\/mymasesoriaygestion.com\/index.php\/2025\/10\/23\/verifactu-2025-2026-guia-definitiva\/#Conclusion\" >Conclusi\u00f3n<\/a><\/li><li class='ez-toc-page-1 ez-toc-heading-level-2'><a class=\"ez-toc-link ez-toc-heading-16\" href=\"https:\/\/mymasesoriaygestion.com\/index.php\/2025\/10\/23\/verifactu-2025-2026-guia-definitiva\/#Contenido_relacionado\" >Contenido relacionado<\/a><\/li><\/ul><\/nav><\/div>\n<h2 class=\"wp-block-heading\"><span class=\"ez-toc-section\" id=\"%C2%BFQue_es_Verifactu_y_por_que_se_ha_creado_que-es-verifactu\"><\/span>\u00bfQu\u00e9 es Verifactu y por qu\u00e9 se ha creado? {#que-es-verifactu}<span class=\"ez-toc-section-end\"><\/span><\/h2>\n\n\n\n<p><strong>Verifactu<\/strong> (acr\u00f3nimo de \u201cVeri<em>factura<\/em>\u201d) es el nuevo sistema de facturaci\u00f3n desarrollado por la <strong><a href=\"https:\/\/sede.agenciatributaria.gob.es\/\" target=\"_blank\" rel=\"noreferrer noopener nofollow\">Agencia Tributaria (AEAT)<\/a><\/strong> en aplicaci\u00f3n de la <strong>Ley Antifraude 11\/2021<\/strong>.<\/p>\n\n\n\n<p>Su objetivo principal es <strong>reforzar la transparencia fiscal<\/strong> y prevenir el fraude mediante el uso de <strong>software seguro e inalterable<\/strong>.<br>Para lograrlo, los programas de facturaci\u00f3n deber\u00e1n:<\/p>\n\n\n\n<ul class=\"wp-block-list\">\n<li>Generar <strong>registros inalterables y trazables<\/strong> al emitir cada factura.<\/li>\n\n\n\n<li>Incorporar una <strong>firma digital (huella hash)<\/strong> que garantice la integridad del documento.<\/li>\n\n\n\n<li>Incluir un <strong>c\u00f3digo QR<\/strong> que permita verificar la validez de la factura.<\/li>\n\n\n\n<li><strong>Remitir los registros a la AEAT<\/strong> en tiempo real (modalidad Verifactu) o conservarlos de forma segura (No Verifactu).<\/li>\n<\/ul>\n\n\n\n<p>\ud83d\udd17 <strong>Contenido relacionado:<\/strong><\/p>\n\n\n\n<ul class=\"wp-block-list\">\n<li><a href=\"https:\/\/mymasesoriaygestion.com\/index.php\/2025\/10\/23\/verifactu-2025-guia-completa-autonomos-pymes\/\" target=\"_blank\" rel=\"noreferrer noopener nofollow\">Preguntas frecuentes sobre Verifactu<\/a><\/li>\n\n\n\n<li><a href=\"https:\/\/mymasesoriaygestion.com\/index.php\/2025\/10\/23\/glosario-verifactu-2025-terminos-clave\/\" target=\"_blank\" rel=\"noreferrer noopener nofollow\">Glosario Verifactu<\/a><\/li>\n<\/ul>\n\n\n\n<h2 class=\"wp-block-heading\"><span class=\"ez-toc-section\" id=\"%C2%BFQuien_esta_obligado_a_cumplir_con_Verifactu_quien-esta-obligado\"><\/span>\u00bfQui\u00e9n est\u00e1 obligado a cumplir con Verifactu? {#quien-esta-obligado}<span class=\"ez-toc-section-end\"><\/span><\/h2>\n\n\n\n<p>La obligaci\u00f3n se extiende a <strong>dos niveles<\/strong>:<\/p>\n\n\n\n<h3 class=\"wp-block-heading\"><span class=\"ez-toc-section\" id=\"1_Fabricantes_y_comercializadores_de_software\"><\/span>1. Fabricantes y comercializadores de software<span class=\"ez-toc-section-end\"><\/span><\/h3>\n\n\n\n<p>Desde el <strong>29 de julio de 2025<\/strong>, deben ofrecer \u00fanicamente programas que cumplan con el <strong>Real Decreto 1007\/2023<\/strong>, acompa\u00f1ados de una <strong>declaraci\u00f3n responsable<\/strong> que certifique su conformidad.<\/p>\n\n\n\n<h3 class=\"wp-block-heading\"><span class=\"ez-toc-section\" id=\"2_Empresas_autonomos_y_entidades_no_lucrativas\"><\/span>2. Empresas, aut\u00f3nomos y entidades no lucrativas<span class=\"ez-toc-section-end\"><\/span><\/h3>\n\n\n\n<p>Todo profesional o empresa que emita facturas mediante un sistema inform\u00e1tico est\u00e1 obligado a cumplir Verifactu, con el siguiente calendario:<\/p>\n\n\n\n<figure class=\"wp-block-table\"><table class=\"has-fixed-layout\"><thead><tr><th>Tipo de contribuyente<\/th><th>Fecha de entrada en vigor<\/th><\/tr><\/thead><tbody><tr><td>Sociedades y entidades no lucrativas<\/td><td><strong>1 de enero de 2026<\/strong><\/td><\/tr><tr><td>Aut\u00f3nomos y profesionales<\/td><td><strong>1 de julio de 2026<\/strong><\/td><\/tr><\/tbody><\/table><\/figure>\n\n\n\n<p><strong>Excepciones:<\/strong><\/p>\n\n\n\n<ul class=\"wp-block-list\">\n<li>Empresas acogidas al <strong>Suministro Inmediato de Informaci\u00f3n (SII)<\/strong>.<\/li>\n\n\n\n<li>Contribuyentes del <strong>r\u00e9gimen foral<\/strong> (Navarra y Pa\u00eds Vasco).<\/li>\n\n\n\n<li>Entidades exentas de Impuesto sobre Sociedades (como fundaciones sin actividad econ\u00f3mica).<\/li>\n<\/ul>\n\n\n\n<p>\ud83d\udca1 <strong>En Canarias<\/strong>, la obligaci\u00f3n es igualmente aplicable: Verifactu se extiende a todo el territorio nacional, incluyendo el R\u00e9gimen Econ\u00f3mico y Fiscal canario.<\/p>\n\n\n\n<h2 class=\"wp-block-heading\"><span class=\"ez-toc-section\" id=\"Ventajas_de_adaptarte_a_Verifactu_ventajas\"><\/span>Ventajas de adaptarte a Verifactu {#ventajas}<span class=\"ez-toc-section-end\"><\/span><\/h2>\n\n\n\n<p>Adoptar un software conforme a Verifactu no solo es cumplir con Hacienda; tambi\u00e9n es <strong>modernizar tu negocio<\/strong> y ganar confianza.<\/p>\n\n\n\n<h3 class=\"wp-block-heading\"><span class=\"ez-toc-section\" id=\"Beneficios_principales\"><\/span>Beneficios principales<span class=\"ez-toc-section-end\"><\/span><\/h3>\n\n\n\n<ul class=\"wp-block-list\">\n<li><strong>Sello de confianza fiscal:<\/strong> Tus clientes sabr\u00e1n que tus facturas son verificables y conformes con la ley.<\/li>\n\n\n\n<li><strong>Menos carga administrativa:<\/strong> Los registros autom\u00e1ticos reducen errores y revisiones manuales.<\/li>\n\n\n\n<li><strong>Digitalizaci\u00f3n real:<\/strong> Permite automatizar procesos contables y de control interno.<\/li>\n\n\n\n<li><strong>Transparencia y seguridad jur\u00eddica:<\/strong> Facilita inspecciones, auditor\u00edas y verificaciones autom\u00e1ticas.<\/li>\n\n\n\n<li><strong>Competitividad:<\/strong> Cada vez m\u00e1s empresas exigen facturas \u201cverificables\u201d como garant\u00eda de cumplimiento.<\/li>\n<\/ul>\n\n\n\n<p>\ud83d\udd17 <strong>Contenido relacionado:<\/strong><\/p>\n\n\n\n<ul class=\"wp-block-list\">\n<li><a href=\"https:\/\/mymasesoriaygestion.com\/index.php\/2025\/10\/23\/modalidades-verifactu-2025-verificable-no-verificable\/\" target=\"_blank\" rel=\"noreferrer noopener nofollow\">Modalidades Verifactu: verificable y no verificable<\/a><\/li>\n<\/ul>\n\n\n\n<h2 class=\"wp-block-heading\"><span class=\"ez-toc-section\" id=\"Sanciones_por_no_cumplir_con_Verifactu_sanciones\"><\/span>Sanciones por no cumplir con Verifactu {#sanciones}<span class=\"ez-toc-section-end\"><\/span><\/h2>\n\n\n\n<p>Seg\u00fan el <strong>art\u00edculo 201 bis de la <a href=\"https:\/\/www.boe.es\/buscar\/act.php?id=BOE-A-2003-23186\" target=\"_blank\" rel=\"noreferrer noopener nofollow\">Ley General Tributaria<\/a><\/strong>, se consideran infracciones graves:<\/p>\n\n\n\n<figure class=\"wp-block-table\"><table class=\"has-fixed-layout\"><thead><tr><th>Tipo de incumplimiento<\/th><th>Multa m\u00e1xima<\/th><th>Responsable<\/th><\/tr><\/thead><tbody><tr><td>Uso o tenencia de software no conforme<\/td><td><strong>50.000 \u20ac por ejercicio<\/strong><\/td><td>Empresa\/aut\u00f3nomo<\/td><\/tr><tr><td>Venta o comercializaci\u00f3n de software no adaptado<\/td><td><strong>150.000 \u20ac por sistema y ejercicio<\/strong><\/td><td>Fabricante<\/td><\/tr><tr><td>Software sin declaraci\u00f3n responsable<\/td><td><strong>1.000 \u20ac por sistema<\/strong><\/td><td>Fabricante<\/td><\/tr><tr><td>Facturas con datos falsos<\/td><td><strong>75% del importe<\/strong><\/td><td>Empresa<\/td><\/tr><tr><td>Falta de conservaci\u00f3n o alteraci\u00f3n de registros<\/td><td>Desde <strong>300 \u20ac por operaci\u00f3n<\/strong><\/td><td>Empresa<\/td><\/tr><\/tbody><\/table><\/figure>\n\n\n\n<p>Adem\u00e1s, no cumplir con Verifactu puede implicar:<\/p>\n\n\n\n<ul class=\"wp-block-list\">\n<li><strong>P\u00e9rdida de validez fiscal<\/strong> de las facturas.<\/li>\n\n\n\n<li><strong>Rechazo de clientes o proveedores p\u00fablicos.<\/strong><\/li>\n\n\n\n<li><strong>Inspecciones m\u00e1s frecuentes<\/strong> por riesgo de fraude.<\/li>\n\n\n\n<li><strong>Da\u00f1o reputacional<\/strong> y p\u00e9rdida de competitividad.<\/li>\n<\/ul>\n\n\n\n<p>\ud83d\udd17 <strong>Contenido relacionado:<\/strong><\/p>\n\n\n\n<ul class=\"wp-block-list\">\n<li><a href=\"https:\/\/mymasesoriaygestion.com\/index.php\/2025\/10\/23\/verifactu-sanciones-incumplimiento-2025\/\" target=\"_blank\" rel=\"noreferrer noopener nofollow\">Sanciones por no cumplir Verifactu: gu\u00eda pr\u00e1ctica<\/a><\/li>\n<\/ul>\n\n\n\n<h2 class=\"wp-block-heading\"><span class=\"ez-toc-section\" id=\"Como_adaptarte_paso_a_paso_adaptacion\"><\/span>C\u00f3mo adaptarte paso a paso {#adaptacion}<span class=\"ez-toc-section-end\"><\/span><\/h2>\n\n\n\n<p>Cumplir con Verifactu no es complicado si planificas con tiempo.<br>Aqu\u00ed tienes una hoja de ruta pr\u00e1ctica para hacerlo correctamente:<\/p>\n\n\n\n<h3 class=\"wp-block-heading\"><span class=\"ez-toc-section\" id=\"1_Audita_tu_software_actual\"><\/span>1. Audita tu software actual<span class=\"ez-toc-section-end\"><\/span><\/h3>\n\n\n\n<p>Haz un inventario de todos los sistemas de facturaci\u00f3n, ERPs o m\u00f3dulos que uses.<br>Pregunta al proveedor si cumplen con el <strong>RD 1007\/2023<\/strong> y solicita la <strong>declaraci\u00f3n responsable.<\/strong><\/p>\n\n\n\n<h3 class=\"wp-block-heading\"><span class=\"ez-toc-section\" id=\"2_Actualiza_o_sustituye_tu_sistema\"><\/span>2. Actualiza o sustituye tu sistema<span class=\"ez-toc-section-end\"><\/span><\/h3>\n\n\n\n<p>Si tu software no est\u00e1 adaptado, cambia a uno conforme antes del plazo de entrada en vigor.<br>Aseg\u00farate de que:<\/p>\n\n\n\n<ul class=\"wp-block-list\">\n<li>Genera <strong>huella hash<\/strong> y registro de eventos.<\/li>\n\n\n\n<li>Permite modo <strong>Verifactu<\/strong> y <strong>No Verifactu<\/strong>.<\/li>\n\n\n\n<li>Cumple con la trazabilidad exigida.<\/li>\n<\/ul>\n\n\n\n<h3 class=\"wp-block-heading\"><span class=\"ez-toc-section\" id=\"3_Configura_tu_modalidad\"><\/span>3. Configura tu modalidad<span class=\"ez-toc-section-end\"><\/span><\/h3>\n\n\n\n<p>Elige entre:<\/p>\n\n\n\n<ul class=\"wp-block-list\">\n<li><strong>Verifactu (verificable):<\/strong> env\u00edo autom\u00e1tico a la AEAT.<\/li>\n\n\n\n<li><strong>No Verifactu (no verificable):<\/strong> conservaci\u00f3n interna con firma digital.<\/li>\n<\/ul>\n\n\n\n<p>\ud83d\udca1 Si trabajas en zonas con mala conexi\u00f3n, opta por sistemas h\u00edbridos con <strong>modo offline y sincronizaci\u00f3n diferida<\/strong>.<\/p>\n\n\n\n<h3 class=\"wp-block-heading\"><span class=\"ez-toc-section\" id=\"4_Capacita_al_equipo\"><\/span>4. Capacita al equipo<span class=\"ez-toc-section-end\"><\/span><\/h3>\n\n\n\n<p>Forma al personal responsable de la facturaci\u00f3n y la contabilidad.<br>Aseg\u00farate de que entienden los nuevos protocolos de emisi\u00f3n, anulaci\u00f3n y conservaci\u00f3n.<\/p>\n\n\n\n<h3 class=\"wp-block-heading\"><span class=\"ez-toc-section\" id=\"5_Documenta_tus_procesos\"><\/span>5. Documenta tus procesos<span class=\"ez-toc-section-end\"><\/span><\/h3>\n\n\n\n<p>Guarda la <strong>declaraci\u00f3n responsable del fabricante<\/strong>, los manuales de uso y un <strong>protocolo interno<\/strong> de contingencias.<\/p>\n\n\n\n<h2 class=\"wp-block-heading\"><span class=\"ez-toc-section\" id=\"Consejos_practicos_para_la_transicion_consejos\"><\/span>Consejos pr\u00e1cticos para la transici\u00f3n {#consejos}<span class=\"ez-toc-section-end\"><\/span><\/h2>\n\n\n\n<p><strong>No esperes al \u00faltimo momento.<\/strong> Empieza la adaptaci\u00f3n antes del primer trimestre de 2026.<\/p>\n\n\n\n<p><strong>Designa un responsable interno<\/strong> o delega en tu asesor\u00eda.<\/p>\n\n\n\n<p><strong>Prueba el sistema en modo test<\/strong> para detectar errores antes de la implantaci\u00f3n real.<\/p>\n\n\n\n<p><strong>Aprovecha para digitalizar procesos<\/strong>: gesti\u00f3n documental, conciliaciones autom\u00e1ticas, firma electr\u00f3nica, etc.<\/p>\n\n\n\n<h2 class=\"wp-block-heading\"><span class=\"ez-toc-section\" id=\"Conclusion\"><\/span>Conclusi\u00f3n<span class=\"ez-toc-section-end\"><\/span><\/h2>\n\n\n\n<p>El <strong>Reglamento Verifactu<\/strong> no es una carga m\u00e1s: es la oportunidad perfecta para <strong>modernizar tu empresa<\/strong>, <strong>garantizar transparencia fiscal<\/strong> y <strong>reducir el riesgo de sanciones<\/strong>.<\/p>\n\n\n\n<p>Anticiparte marcar\u00e1 la diferencia entre cumplir sin complicaciones o enfrentarte a inspecciones y bloqueos administrativos.<\/p>\n\n\n\n<p>En <strong>M&amp;M Asesor\u00eda y gesti\u00f3n<\/strong>, ayudamos a <strong>aut\u00f3nomos, pymes y sociedades en Canarias<\/strong> a adaptarse a Verifactu de forma segura, pr\u00e1ctica y sin estr\u00e9s.<br>Cont\u00e1ctanos  <a href=\"https:\/\/mymasesoriaygestion.com\/index.php\/contacto\/\" target=\"_blank\" rel=\"noreferrer noopener nofollow\">AQU\u00cd<\/a> y te acompa\u00f1amos paso a paso en la transici\u00f3n hacia una facturaci\u00f3n inteligente y totalmente legal.<\/p>\n\n\n\n<hr class=\"wp-block-separator has-alpha-channel-opacity\"\/>\n\n\n\n<h2 class=\"wp-block-heading\"><span class=\"ez-toc-section\" id=\"Contenido_relacionado\"><\/span>Contenido relacionado<span class=\"ez-toc-section-end\"><\/span><\/h2>\n\n\n<ul class=\"wp-block-latest-posts__list is-grid columns-3 wp-block-latest-posts\"><li><a class=\"wp-block-latest-posts__post-title\" href=\"https:\/\/mymasesoriaygestion.com\/index.php\/2025\/10\/23\/verifactu-2025-2026-guia-definitiva\/\">Verifactu 2025-2026: La Gu\u00eda Definitiva para Cumplir con la Nueva Obligaci\u00f3n de Facturaci\u00f3n<\/a><\/li>\n<li><a class=\"wp-block-latest-posts__post-title\" href=\"https:\/\/mymasesoriaygestion.com\/index.php\/2025\/10\/23\/verifactu-sanciones-incumplimiento-2025\/\">Sanciones por no cumplir con Verifactu: gu\u00eda pr\u00e1ctica 2025 para aut\u00f3nomos y pymes<\/a><\/li>\n<li><a class=\"wp-block-latest-posts__post-title\" href=\"https:\/\/mymasesoriaygestion.com\/index.php\/2025\/10\/23\/modalidades-verifactu-2025-verificable-no-verificable\/\">Modalidades del sistema Verifactu: Verificable y No Verificable (Gu\u00eda 2025 para aut\u00f3nomos y pymes)<\/a><\/li>\n<li><a class=\"wp-block-latest-posts__post-title\" href=\"https:\/\/mymasesoriaygestion.com\/index.php\/2025\/10\/23\/glosario-verifactu-2025-terminos-clave\/\">Glosario Verifactu: conceptos clave que toda empresa y aut\u00f3nomo debe conocer<\/a><\/li>\n<li><a class=\"wp-block-latest-posts__post-title\" href=\"https:\/\/mymasesoriaygestion.com\/index.php\/2025\/10\/23\/verifactu-2025-guia-completa-autonomos-pymes\/\">Verifactu: Gu\u00eda definitiva para aut\u00f3nomos y pymes en Espa\u00f1a y Canarias<\/a><\/li>\n<\/ul>","protected":false},"excerpt":{"rendered":"<p>Actualizado a octubre de 2025 A partir de 2026, todas las empresas, aut\u00f3nomos y entidades no lucrativas deber\u00e1n utilizar un sistema de facturaci\u00f3n adaptado al nuevo Reglamento Verifactu (RD 1007\/2023). Este reglamento marca un antes y un despu\u00e9s en la forma en que se emiten y registran las facturas en Espa\u00f1a: su objetivo es garantizar [&hellip;]<\/p>\n","protected":false},"author":3,"featured_media":292,"comment_status":"open","ping_status":"open","sticky":false,"template":"","format":"standard","meta":{"footnotes":""},"categories":[17],"tags":[58,57,14,15,52],"class_list":["post-291","post","type-post","status-publish","format-standard","has-post-thumbnail","hentry","category-noticias","tag-aeat","tag-canarias","tag-emprendedor","tag-empresario","tag-verifactu"],"yoast_head":"<!-- This site is optimized with the Yoast SEO plugin v27.1.1 - https:\/\/yoast.com\/product\/yoast-seo-wordpress\/ -->\n<title>Verifactu 2025-2026: La Gu\u00eda Definitiva para Cumplir con la Nueva Obligaci\u00f3n de Facturaci\u00f3n - M&amp;M Asesor&iacute;a y Gestion<\/title>\n<meta name=\"description\" content=\"Gu\u00eda definitiva sobre Verifactu 2025-2026. Descubre qu\u00e9 es, a qui\u00e9n afecta, plazos, sanciones y c\u00f3mo adaptarte al nuevo sistema de facturaci\u00f3n.\" \/>\n<meta name=\"robots\" content=\"index, follow, max-snippet:-1, max-image-preview:large, max-video-preview:-1\" \/>\n<link rel=\"canonical\" href=\"https:\/\/mymasesoriaygestion.com\/index.php\/2025\/10\/23\/verifactu-2025-2026-guia-definitiva\/\" \/>\n<meta property=\"og:locale\" content=\"es_ES\" \/>\n<meta property=\"og:type\" content=\"article\" \/>\n<meta property=\"og:title\" content=\"Verifactu 2025-2026: La Gu\u00eda Definitiva para Cumplir con la Nueva Obligaci\u00f3n de Facturaci\u00f3n - M&amp;M Asesor&iacute;a y Gestion\" \/>\n<meta property=\"og:description\" content=\"Gu\u00eda definitiva sobre Verifactu 2025-2026. Descubre qu\u00e9 es, a qui\u00e9n afecta, plazos, sanciones y c\u00f3mo adaptarte al nuevo sistema de facturaci\u00f3n.\" \/>\n<meta property=\"og:url\" content=\"https:\/\/mymasesoriaygestion.com\/index.php\/2025\/10\/23\/verifactu-2025-2026-guia-definitiva\/\" \/>\n<meta property=\"og:site_name\" content=\"M&amp;M Asesor&iacute;a y Gestion\" \/>\n<meta property=\"article:published_time\" content=\"2025-10-23T20:05:42+00:00\" \/>\n<meta property=\"article:modified_time\" content=\"2025-11-13T12:26:20+00:00\" \/>\n<meta property=\"og:image\" content=\"https:\/\/mymasesoriaygestion.com\/wp-content\/uploads\/2025\/10\/verifactu-2.png\" \/>\n\t<meta property=\"og:image:width\" content=\"1920\" \/>\n\t<meta property=\"og:image:height\" content=\"1080\" \/>\n\t<meta property=\"og:image:type\" content=\"image\/png\" \/>\n<meta name=\"author\" content=\"Macarena Hern\u00e1ndez\" \/>\n<meta name=\"twitter:card\" content=\"summary_large_image\" \/>\n<meta name=\"twitter:label1\" content=\"Escrito por\" \/>\n\t<meta name=\"twitter:data1\" content=\"Macarena Hern\u00e1ndez\" \/>\n\t<meta name=\"twitter:label2\" content=\"Tiempo de lectura\" \/>\n\t<meta name=\"twitter:data2\" content=\"5 minutos\" \/>\n<script type=\"application\/ld+json\" class=\"yoast-schema-graph\">{\"@context\":\"https:\/\/schema.org\",\"@graph\":[{\"@type\":\"Article\",\"@id\":\"https:\/\/mymasesoriaygestion.com\/index.php\/2025\/10\/23\/verifactu-2025-2026-guia-definitiva\/#article\",\"isPartOf\":{\"@id\":\"https:\/\/mymasesoriaygestion.com\/index.php\/2025\/10\/23\/verifactu-2025-2026-guia-definitiva\/\"},\"author\":{\"name\":\"Macarena Hern\u00e1ndez\",\"@id\":\"https:\/\/mymasesoriaygestion.com\/#\/schema\/person\/3e0ca6b0f70f5fe7a258cc1fdc023a82\"},\"headline\":\"Verifactu 2025-2026: La Gu\u00eda Definitiva para Cumplir con la Nueva Obligaci\u00f3n de Facturaci\u00f3n\",\"datePublished\":\"2025-10-23T20:05:42+00:00\",\"dateModified\":\"2025-11-13T12:26:20+00:00\",\"mainEntityOfPage\":{\"@id\":\"https:\/\/mymasesoriaygestion.com\/index.php\/2025\/10\/23\/verifactu-2025-2026-guia-definitiva\/\"},\"wordCount\":996,\"commentCount\":0,\"publisher\":{\"@id\":\"https:\/\/mymasesoriaygestion.com\/#organization\"},\"image\":{\"@id\":\"https:\/\/mymasesoriaygestion.com\/index.php\/2025\/10\/23\/verifactu-2025-2026-guia-definitiva\/#primaryimage\"},\"thumbnailUrl\":\"https:\/\/mymasesoriaygestion.com\/wp-content\/uploads\/2025\/10\/verifactu-2.png\",\"keywords\":[\"AEAT\",\"Canarias\",\"emprendedor\",\"empresario\",\"Verifactu\"],\"articleSection\":[\"Noticias\"],\"inLanguage\":\"es\",\"potentialAction\":[{\"@type\":\"CommentAction\",\"name\":\"Comment\",\"target\":[\"https:\/\/mymasesoriaygestion.com\/index.php\/2025\/10\/23\/verifactu-2025-2026-guia-definitiva\/#respond\"]}]},{\"@type\":\"WebPage\",\"@id\":\"https:\/\/mymasesoriaygestion.com\/index.php\/2025\/10\/23\/verifactu-2025-2026-guia-definitiva\/\",\"url\":\"https:\/\/mymasesoriaygestion.com\/index.php\/2025\/10\/23\/verifactu-2025-2026-guia-definitiva\/\",\"name\":\"Verifactu 2025-2026: La Gu\u00eda Definitiva para Cumplir con la Nueva Obligaci\u00f3n de Facturaci\u00f3n - M&amp;M Asesor&iacute;a y Gestion\",\"isPartOf\":{\"@id\":\"https:\/\/mymasesoriaygestion.com\/#website\"},\"primaryImageOfPage\":{\"@id\":\"https:\/\/mymasesoriaygestion.com\/index.php\/2025\/10\/23\/verifactu-2025-2026-guia-definitiva\/#primaryimage\"},\"image\":{\"@id\":\"https:\/\/mymasesoriaygestion.com\/index.php\/2025\/10\/23\/verifactu-2025-2026-guia-definitiva\/#primaryimage\"},\"thumbnailUrl\":\"https:\/\/mymasesoriaygestion.com\/wp-content\/uploads\/2025\/10\/verifactu-2.png\",\"datePublished\":\"2025-10-23T20:05:42+00:00\",\"dateModified\":\"2025-11-13T12:26:20+00:00\",\"description\":\"Gu\u00eda definitiva sobre Verifactu 2025-2026. Descubre qu\u00e9 es, a qui\u00e9n afecta, plazos, sanciones y c\u00f3mo adaptarte al nuevo sistema de facturaci\u00f3n.\",\"breadcrumb\":{\"@id\":\"https:\/\/mymasesoriaygestion.com\/index.php\/2025\/10\/23\/verifactu-2025-2026-guia-definitiva\/#breadcrumb\"},\"inLanguage\":\"es\",\"potentialAction\":[{\"@type\":\"ReadAction\",\"target\":[\"https:\/\/mymasesoriaygestion.com\/index.php\/2025\/10\/23\/verifactu-2025-2026-guia-definitiva\/\"]}]},{\"@type\":\"ImageObject\",\"inLanguage\":\"es\",\"@id\":\"https:\/\/mymasesoriaygestion.com\/index.php\/2025\/10\/23\/verifactu-2025-2026-guia-definitiva\/#primaryimage\",\"url\":\"https:\/\/mymasesoriaygestion.com\/wp-content\/uploads\/2025\/10\/verifactu-2.png\",\"contentUrl\":\"https:\/\/mymasesoriaygestion.com\/wp-content\/uploads\/2025\/10\/verifactu-2.png\",\"width\":1920,\"height\":1080},{\"@type\":\"BreadcrumbList\",\"@id\":\"https:\/\/mymasesoriaygestion.com\/index.php\/2025\/10\/23\/verifactu-2025-2026-guia-definitiva\/#breadcrumb\",\"itemListElement\":[{\"@type\":\"ListItem\",\"position\":1,\"name\":\"Portada\",\"item\":\"https:\/\/mymasesoriaygestion.com\/\"},{\"@type\":\"ListItem\",\"position\":2,\"name\":\"Verifactu 2025-2026: La Gu\u00eda Definitiva para Cumplir con la Nueva Obligaci\u00f3n de Facturaci\u00f3n\"}]},{\"@type\":\"WebSite\",\"@id\":\"https:\/\/mymasesoriaygestion.com\/#website\",\"url\":\"https:\/\/mymasesoriaygestion.com\/\",\"name\":\"M&amp;M Asesor&iacute;a y Gestion\",\"description\":\"Asesorando al mundo desde Tenerife\",\"publisher\":{\"@id\":\"https:\/\/mymasesoriaygestion.com\/#organization\"},\"potentialAction\":[{\"@type\":\"SearchAction\",\"target\":{\"@type\":\"EntryPoint\",\"urlTemplate\":\"https:\/\/mymasesoriaygestion.com\/?s={search_term_string}\"},\"query-input\":{\"@type\":\"PropertyValueSpecification\",\"valueRequired\":true,\"valueName\":\"search_term_string\"}}],\"inLanguage\":\"es\"},{\"@type\":\"Organization\",\"@id\":\"https:\/\/mymasesoriaygestion.com\/#organization\",\"name\":\"M&amp;M Asesor&iacute;a y Gestion\",\"url\":\"https:\/\/mymasesoriaygestion.com\/\",\"logo\":{\"@type\":\"ImageObject\",\"inLanguage\":\"es\",\"@id\":\"https:\/\/mymasesoriaygestion.com\/#\/schema\/logo\/image\/\",\"url\":\"https:\/\/mymasesoriaygestion.com\/wp-content\/uploads\/2021\/06\/cropped-cropped-logo_MyM.png\",\"contentUrl\":\"https:\/\/mymasesoriaygestion.com\/wp-content\/uploads\/2021\/06\/cropped-cropped-logo_MyM.png\",\"width\":512,\"height\":404,\"caption\":\"M&amp;M Asesor&iacute;a y Gestion\"},\"image\":{\"@id\":\"https:\/\/mymasesoriaygestion.com\/#\/schema\/logo\/image\/\"}},{\"@type\":\"Person\",\"@id\":\"https:\/\/mymasesoriaygestion.com\/#\/schema\/person\/3e0ca6b0f70f5fe7a258cc1fdc023a82\",\"name\":\"Macarena Hern\u00e1ndez\",\"image\":{\"@type\":\"ImageObject\",\"inLanguage\":\"es\",\"@id\":\"https:\/\/mymasesoriaygestion.com\/#\/schema\/person\/image\/\",\"url\":\"https:\/\/secure.gravatar.com\/avatar\/828c134550e1af2bcb6b6a0b41954c684cacd523957bddc8a82a07ce73ab3eff?s=96&d=mm&r=g\",\"contentUrl\":\"https:\/\/secure.gravatar.com\/avatar\/828c134550e1af2bcb6b6a0b41954c684cacd523957bddc8a82a07ce73ab3eff?s=96&d=mm&r=g\",\"caption\":\"Macarena Hern\u00e1ndez\"},\"url\":\"https:\/\/mymasesoriaygestion.com\/index.php\/author\/mymasesoria\/\"}]}<\/script>\n<!-- \/ Yoast SEO plugin. -->","yoast_head_json":{"title":"Verifactu 2025-2026: La Gu\u00eda Definitiva para Cumplir con la Nueva Obligaci\u00f3n de Facturaci\u00f3n - M&amp;M Asesor&iacute;a y Gestion","description":"Gu\u00eda definitiva sobre Verifactu 2025-2026. Descubre qu\u00e9 es, a qui\u00e9n afecta, plazos, sanciones y c\u00f3mo adaptarte al nuevo sistema de facturaci\u00f3n.","robots":{"index":"index","follow":"follow","max-snippet":"max-snippet:-1","max-image-preview":"max-image-preview:large","max-video-preview":"max-video-preview:-1"},"canonical":"https:\/\/mymasesoriaygestion.com\/index.php\/2025\/10\/23\/verifactu-2025-2026-guia-definitiva\/","og_locale":"es_ES","og_type":"article","og_title":"Verifactu 2025-2026: La Gu\u00eda Definitiva para Cumplir con la Nueva Obligaci\u00f3n de Facturaci\u00f3n - M&amp;M Asesor&iacute;a y Gestion","og_description":"Gu\u00eda definitiva sobre Verifactu 2025-2026. Descubre qu\u00e9 es, a qui\u00e9n afecta, plazos, sanciones y c\u00f3mo adaptarte al nuevo sistema de facturaci\u00f3n.","og_url":"https:\/\/mymasesoriaygestion.com\/index.php\/2025\/10\/23\/verifactu-2025-2026-guia-definitiva\/","og_site_name":"M&amp;M Asesor&iacute;a y Gestion","article_published_time":"2025-10-23T20:05:42+00:00","article_modified_time":"2025-11-13T12:26:20+00:00","og_image":[{"width":1920,"height":1080,"url":"https:\/\/mymasesoriaygestion.com\/wp-content\/uploads\/2025\/10\/verifactu-2.png","type":"image\/png"}],"author":"Macarena Hern\u00e1ndez","twitter_card":"summary_large_image","twitter_misc":{"Escrito por":"Macarena Hern\u00e1ndez","Tiempo de lectura":"5 minutos"},"schema":{"@context":"https:\/\/schema.org","@graph":[{"@type":"Article","@id":"https:\/\/mymasesoriaygestion.com\/index.php\/2025\/10\/23\/verifactu-2025-2026-guia-definitiva\/#article","isPartOf":{"@id":"https:\/\/mymasesoriaygestion.com\/index.php\/2025\/10\/23\/verifactu-2025-2026-guia-definitiva\/"},"author":{"name":"Macarena Hern\u00e1ndez","@id":"https:\/\/mymasesoriaygestion.com\/#\/schema\/person\/3e0ca6b0f70f5fe7a258cc1fdc023a82"},"headline":"Verifactu 2025-2026: La Gu\u00eda Definitiva para Cumplir con la Nueva Obligaci\u00f3n de Facturaci\u00f3n","datePublished":"2025-10-23T20:05:42+00:00","dateModified":"2025-11-13T12:26:20+00:00","mainEntityOfPage":{"@id":"https:\/\/mymasesoriaygestion.com\/index.php\/2025\/10\/23\/verifactu-2025-2026-guia-definitiva\/"},"wordCount":996,"commentCount":0,"publisher":{"@id":"https:\/\/mymasesoriaygestion.com\/#organization"},"image":{"@id":"https:\/\/mymasesoriaygestion.com\/index.php\/2025\/10\/23\/verifactu-2025-2026-guia-definitiva\/#primaryimage"},"thumbnailUrl":"https:\/\/mymasesoriaygestion.com\/wp-content\/uploads\/2025\/10\/verifactu-2.png","keywords":["AEAT","Canarias","emprendedor","empresario","Verifactu"],"articleSection":["Noticias"],"inLanguage":"es","potentialAction":[{"@type":"CommentAction","name":"Comment","target":["https:\/\/mymasesoriaygestion.com\/index.php\/2025\/10\/23\/verifactu-2025-2026-guia-definitiva\/#respond"]}]},{"@type":"WebPage","@id":"https:\/\/mymasesoriaygestion.com\/index.php\/2025\/10\/23\/verifactu-2025-2026-guia-definitiva\/","url":"https:\/\/mymasesoriaygestion.com\/index.php\/2025\/10\/23\/verifactu-2025-2026-guia-definitiva\/","name":"Verifactu 2025-2026: La Gu\u00eda Definitiva para Cumplir con la Nueva Obligaci\u00f3n de Facturaci\u00f3n - M&amp;M Asesor&iacute;a y Gestion","isPartOf":{"@id":"https:\/\/mymasesoriaygestion.com\/#website"},"primaryImageOfPage":{"@id":"https:\/\/mymasesoriaygestion.com\/index.php\/2025\/10\/23\/verifactu-2025-2026-guia-definitiva\/#primaryimage"},"image":{"@id":"https:\/\/mymasesoriaygestion.com\/index.php\/2025\/10\/23\/verifactu-2025-2026-guia-definitiva\/#primaryimage"},"thumbnailUrl":"https:\/\/mymasesoriaygestion.com\/wp-content\/uploads\/2025\/10\/verifactu-2.png","datePublished":"2025-10-23T20:05:42+00:00","dateModified":"2025-11-13T12:26:20+00:00","description":"Gu\u00eda definitiva sobre Verifactu 2025-2026. Descubre qu\u00e9 es, a qui\u00e9n afecta, plazos, sanciones y c\u00f3mo adaptarte al nuevo sistema de facturaci\u00f3n.","breadcrumb":{"@id":"https:\/\/mymasesoriaygestion.com\/index.php\/2025\/10\/23\/verifactu-2025-2026-guia-definitiva\/#breadcrumb"},"inLanguage":"es","potentialAction":[{"@type":"ReadAction","target":["https:\/\/mymasesoriaygestion.com\/index.php\/2025\/10\/23\/verifactu-2025-2026-guia-definitiva\/"]}]},{"@type":"ImageObject","inLanguage":"es","@id":"https:\/\/mymasesoriaygestion.com\/index.php\/2025\/10\/23\/verifactu-2025-2026-guia-definitiva\/#primaryimage","url":"https:\/\/mymasesoriaygestion.com\/wp-content\/uploads\/2025\/10\/verifactu-2.png","contentUrl":"https:\/\/mymasesoriaygestion.com\/wp-content\/uploads\/2025\/10\/verifactu-2.png","width":1920,"height":1080},{"@type":"BreadcrumbList","@id":"https:\/\/mymasesoriaygestion.com\/index.php\/2025\/10\/23\/verifactu-2025-2026-guia-definitiva\/#breadcrumb","itemListElement":[{"@type":"ListItem","position":1,"name":"Portada","item":"https:\/\/mymasesoriaygestion.com\/"},{"@type":"ListItem","position":2,"name":"Verifactu 2025-2026: La Gu\u00eda Definitiva para Cumplir con la Nueva Obligaci\u00f3n de Facturaci\u00f3n"}]},{"@type":"WebSite","@id":"https:\/\/mymasesoriaygestion.com\/#website","url":"https:\/\/mymasesoriaygestion.com\/","name":"M&amp;M Asesor&iacute;a y Gestion","description":"Asesorando al mundo desde Tenerife","publisher":{"@id":"https:\/\/mymasesoriaygestion.com\/#organization"},"potentialAction":[{"@type":"SearchAction","target":{"@type":"EntryPoint","urlTemplate":"https:\/\/mymasesoriaygestion.com\/?s={search_term_string}"},"query-input":{"@type":"PropertyValueSpecification","valueRequired":true,"valueName":"search_term_string"}}],"inLanguage":"es"},{"@type":"Organization","@id":"https:\/\/mymasesoriaygestion.com\/#organization","name":"M&amp;M Asesor&iacute;a y Gestion","url":"https:\/\/mymasesoriaygestion.com\/","logo":{"@type":"ImageObject","inLanguage":"es","@id":"https:\/\/mymasesoriaygestion.com\/#\/schema\/logo\/image\/","url":"https:\/\/mymasesoriaygestion.com\/wp-content\/uploads\/2021\/06\/cropped-cropped-logo_MyM.png","contentUrl":"https:\/\/mymasesoriaygestion.com\/wp-content\/uploads\/2021\/06\/cropped-cropped-logo_MyM.png","width":512,"height":404,"caption":"M&amp;M Asesor&iacute;a y Gestion"},"image":{"@id":"https:\/\/mymasesoriaygestion.com\/#\/schema\/logo\/image\/"}},{"@type":"Person","@id":"https:\/\/mymasesoriaygestion.com\/#\/schema\/person\/3e0ca6b0f70f5fe7a258cc1fdc023a82","name":"Macarena Hern\u00e1ndez","image":{"@type":"ImageObject","inLanguage":"es","@id":"https:\/\/mymasesoriaygestion.com\/#\/schema\/person\/image\/","url":"https:\/\/secure.gravatar.com\/avatar\/828c134550e1af2bcb6b6a0b41954c684cacd523957bddc8a82a07ce73ab3eff?s=96&d=mm&r=g","contentUrl":"https:\/\/secure.gravatar.com\/avatar\/828c134550e1af2bcb6b6a0b41954c684cacd523957bddc8a82a07ce73ab3eff?s=96&d=mm&r=g","caption":"Macarena Hern\u00e1ndez"},"url":"https:\/\/mymasesoriaygestion.com\/index.php\/author\/mymasesoria\/"}]}},"_links":{"self":[{"href":"https:\/\/mymasesoriaygestion.com\/index.php\/wp-json\/wp\/v2\/posts\/291","targetHints":{"allow":["GET"]}}],"collection":[{"href":"https:\/\/mymasesoriaygestion.com\/index.php\/wp-json\/wp\/v2\/posts"}],"about":[{"href":"https:\/\/mymasesoriaygestion.com\/index.php\/wp-json\/wp\/v2\/types\/post"}],"author":[{"embeddable":true,"href":"https:\/\/mymasesoriaygestion.com\/index.php\/wp-json\/wp\/v2\/users\/3"}],"replies":[{"embeddable":true,"href":"https:\/\/mymasesoriaygestion.com\/index.php\/wp-json\/wp\/v2\/comments?post=291"}],"version-history":[{"count":2,"href":"https:\/\/mymasesoriaygestion.com\/index.php\/wp-json\/wp\/v2\/posts\/291\/revisions"}],"predecessor-version":[{"id":295,"href":"https:\/\/mymasesoriaygestion.com\/index.php\/wp-json\/wp\/v2\/posts\/291\/revisions\/295"}],"wp:featuredmedia":[{"embeddable":true,"href":"https:\/\/mymasesoriaygestion.com\/index.php\/wp-json\/wp\/v2\/media\/292"}],"wp:attachment":[{"href":"https:\/\/mymasesoriaygestion.com\/index.php\/wp-json\/wp\/v2\/media?parent=291"}],"wp:term":[{"taxonomy":"category","embeddable":true,"href":"https:\/\/mymasesoriaygestion.com\/index.php\/wp-json\/wp\/v2\/categories?post=291"},{"taxonomy":"post_tag","embeddable":true,"href":"https:\/\/mymasesoriaygestion.com\/index.php\/wp-json\/wp\/v2\/tags?post=291"}],"curies":[{"name":"wp","href":"https:\/\/api.w.org\/{rel}","templated":true}]}}